{"id":58529,"date":"2019-07-23T16:19:55","date_gmt":"2019-07-23T16:19:55","guid":{"rendered":"https:\/\/colimdo.org\/?p=58529"},"modified":"2019-07-23T16:19:55","modified_gmt":"2019-07-23T16:19:55","slug":"dominicanos-puello-alonso-se-enfrentaran-pelea-alto-quilate-titulo-mundial","status":"publish","type":"post","link":"https:\/\/colimdo.org\/noticias\/dominicanos-puello-alonso-se-enfrentaran-pelea-alto-quilate-titulo-mundial\/","title":{"rendered":"Dominicanos Puello y Alonso se enfrentar\u00e1n en pelea de alto quilate por t\u00edtulo mundial"},"content":{"rendered":"<p>SANTO DOMINGO.- El combate del pr\u00f3ximo s\u00e1bado entre el dominicano Alberto \u201cLa Avispa\u201d Puello y su compatriota naturalizado espa\u00f1ol, Jonathan \u201cMaravilla\u201d Alonso, es considerado de \u201cpron\u00f3stico reservado\u201d, debido a la trayectoria de ambos p\u00fagiles en el boxeo profesional.<\/p>\n<p>\u201cAdmito que se trata de una pelea de alto riesgo tanto para Puello como para Alonso\u201d, dijo el espa\u00f1ol Pedro Garc\u00eda, apoderado del segundo.<\/p>\n<p>De acuerdo a un comunicado de los organizadores del evento, Puello y Alonso est\u00e1n invictos en sus carreras profesionales y el pr\u00f3ximo s\u00e1bado se enfrentar\u00e1n por el t\u00edtulo welter junior (140 libras) de la Asociaci\u00f3n Mundial de Boxeo (AMB) en el coliseo Carlos \u201cTeo\u201d Cruz.<\/p>\n<p>\u201cLos dos boxeadores poseen las herramientas para bajar del ring con la victoria, aunque, obviamente, tengo plena confianza en la preparaci\u00f3n y capacidad del m\u00edo, que es Jonathan Alonso\u201d, sostuvo Garc\u00eda duranta una visita realizada a la redacci\u00f3n de HOY, junto a su pupilo, Alberto Puello, Norberto \u201cMene\u00edto\u201d Jim\u00e9nez, B\u00e9lgica Pe\u00f1a, presidenta de Shuan Boxing y el periodista Franklin N\u00fa\u00f1ez.<\/p>\n<p>Agreg\u00f3 que uno de los dos ser\u00e1 el nuevo campe\u00f3n mundial, al tiempo en que conservar\u00e1 su invicto.<\/p>\n<p>Jonathan. \u201cMaravilla\u201d Alonso es un dominicano naturalizado espa\u00f1ol, cuyo r\u00e9cord profesional es de 18-0, con siete triunfos por la v\u00eda del nocaut. Es el actual campe\u00f3n nacional welter junior de Espa\u00f1a, pa\u00eds al que represent\u00f3 en los Juegos Ol\u00edmpicos de Londres 2012.<\/p>\n<p>\u201cAunque resido en Espa\u00f1a, visito tres veces al a\u00f1o a mi pa\u00eds de origen, la Rep\u00fablica Dominicana\u201d, dijo Alonso, quien naci\u00f3 en Jamao al Norte, provincia Espaillat.<\/p>\n<p>Alberto \u201cLa Avispa\u201d Puello es nativo de San Juan de la Maguana y tambi\u00e9n est\u00e1 invicto, con 16-0, con nueve victorias antes del l\u00edmite. Es el actual campe\u00f3n Latino del peso welter junior de la AMB, cetro que ha defendido exitosamente en tres ocasiones.<\/p>\n<p>\u201cSeguir\u00e9 invicto y el t\u00edtulo se quedar\u00e1 en la Rep\u00fablica Dominicana\u201d, expuso Puello, quien destaca que en la actualidad \u201cnuestro pa\u00eds est\u00e1 hu\u00e9rfano de campeones mundiales\u201d.<\/p>\n<p>La pelea titular ser\u00e1 la estelar de la cartelera KO A LAS DROGAS, organizada por Shuan Boxing, con el aval de la AMB.<\/p>\n<p>En tanto que Alonso se\u00f1al\u00f3 que \u201cme considero afortunado, porque aunque resido en Espa\u00f1a mi primera pelea por el t\u00edtulo ser\u00e1 en m\u00ed pa\u00eds\u201d<\/p>\n<p>De su lado, Puello indic\u00f3 que \u201cdejar\u00e9 el pellejo en el ring, pero la faja mundial se quedar\u00e1 en Rep\u00fablica Dominicana, esa es mi promesa a mi gente\u201d<\/p>\n<p>Cartelera de lujo<\/p>\n<p>Adem\u00e1s de la pelea estelar, en la que estar\u00e1 en disputa el t\u00edtulo mundial welter junior de la AMB, la velada KO A LAS DROGAS incluye varios combates eliminatorios, donde los ganadores ir\u00e1n directo a peleas por cetros universales.<\/p>\n<p>Clasificados mundiales<\/p>\n<p>Seg\u00fan ha confirmado B\u00e9lgica Pe\u00f1a, presidante de Shuan Boxing, empresa que organiza la velada, la mayor\u00eda de los boxeadores que accionar\u00e1n en el evento figuran en las clasificaciones mundiales y que ese fue un requisito establecido por la AMB.<\/p>\n<p>El escenario<\/p>\n<p>Ser\u00e1 en el coliseo de boxeo Carlos \u201cTeo\u201d Cruz y la acci\u00f3n iniciar\u00e1 a las 6:00 P.M.<\/p>\n","protected":false},"excerpt":{"rendered":"<p>Puello y Alonso est\u00e1n invictos en sus carreras profesionales y el pr\u00f3ximo s\u00e1bado se enfrentar\u00e1n por el t\u00edtulo welter junior (140 libras) de la Asociaci\u00f3n Mundial de Boxeo (AMB) en el coliseo Carlos \u201cTeo\u201d Cruz.<\/p>\n","protected":false},"author":16,"featured_media":58530,"comment_status":"closed","ping_status":"closed","sticky":false,"template":"","format":"standard","meta":[],"categories":[2,60],"tags":[],"acf":[],"_links":{"self":[{"href":"https:\/\/colimdo.org\/wp-api\/wp\/v2\/posts\/58529"}],"collection":[{"href":"https:\/\/colimdo.org\/wp-api\/wp\/v2\/posts"}],"about":[{"href":"https:\/\/colimdo.org\/wp-api\/wp\/v2\/types\/post"}],"author":[{"embeddable":true,"href":"https:\/\/colimdo.org\/wp-api\/wp\/v2\/users\/16"}],"replies":[{"embeddable":true,"href":"https:\/\/colimdo.org\/wp-api\/wp\/v2\/comments?post=58529"}],"version-history":[{"count":1,"href":"https:\/\/colimdo.org\/wp-api\/wp\/v2\/posts\/58529\/revisions"}],"predecessor-version":[{"id":58531,"href":"https:\/\/colimdo.org\/wp-api\/wp\/v2\/posts\/58529\/revisions\/58531"}],"wp:featuredmedia":[{"embeddable":true,"href":"https:\/\/colimdo.org\/wp-api\/wp\/v2\/media\/58530"}],"wp:attachment":[{"href":"https:\/\/colimdo.org\/wp-api\/wp\/v2\/media?parent=58529"}],"wp:term":[{"taxonomy":"category","embeddable":true,"href":"https:\/\/colimdo.org\/wp-api\/wp\/v2\/categories?post=58529"},{"taxonomy":"post_tag","embeddable":true,"href":"https:\/\/colimdo.org\/wp-api\/wp\/v2\/tags?post=58529"}],"curies":[{"name":"wp","href":"https:\/\/api.w.org\/{rel}","templated":true}]}}