{"id":58535,"date":"2019-07-23T17:05:23","date_gmt":"2019-07-23T17:05:23","guid":{"rendered":"https:\/\/colimdo.org\/?p=58535"},"modified":"2019-07-23T17:05:23","modified_gmt":"2019-07-23T17:05:23","slug":"alou-jr-contreras-retornan-al-cuerpo-coaches-del-escogido","status":"publish","type":"post","link":"https:\/\/colimdo.org\/noticias\/alou-jr-contreras-retornan-al-cuerpo-coaches-del-escogido\/","title":{"rendered":"Alou Jr. y Contreras retornan al cuerpo de coaches del Escogido"},"content":{"rendered":"<p class=\"x_MsoNormal\"><span lang=\"ES-TRAD\">SANTO DOMINGO.-\u00a0<\/span><span lang=\"ES-TRAD\">La gerencia de Operaciones de los Leones del Escogido confirm\u00f3 los retornos de\u00a0Felipe Alou Jr.\u00a0e\u00a0Iv\u00e1n Contreras\u00a0al cuerpo de coaches del club, para la temporada 2019-2020 de la Liga de B\u00e9isbol Profesional de la Rep\u00fablica Dominicana.<\/span><\/p>\n<p class=\"x_MsoNormal\"><span lang=\"ES-TRAD\">Alou Jr. volver\u00e1 a desempe\u00f1arse como Coach de Tercera Base, mientras que Contreras se mantendr\u00e1 como Coach de Primera Base en el staff encabezado por el dirigente estadounidense\u00a0Jayce Tingler.<\/span><\/p>\n<p class=\"x_MsoNormal\"><span lang=\"ES-TRAD\">Previamente los melenudos hab\u00edan anunciado que\u00a0Jos\u00e9 Leger\u00a0ser\u00e1 el Coach de Banca,\u00a0Buck Britton\u00a0el de Control de Calidad,\u00a0Willie Blair\u00a0el Instructor de Lanzadores y\u00a0Jorge Mej\u00eda\u00a0el Coach de Bateo.<\/span><\/p>\n<p class=\"x_MsoNormal\"><span lang=\"ES-TRAD\">Asimismo,\u00a0Alex Concepci\u00f3n\u00a0fungir\u00e1 como Coach de Bullpen,\u00a0Gilbert G\u00f3mez\u00a0trabajar\u00e1 como Asistente del Coach de Bateo,\u00a0Jos\u00e9 Paniagua\u00a0como Asistente del Coach de Pitcheo,\u00a0Pedro L\u00f3pez\u00a0como Coach de Infielders y\u00a0Jorge Mer\u00e1n\u00a0como M\u00e1nager de la Liga Paralela y en el Bullpen.<\/span><\/p>\n<p class=\"x_MsoNormal\"><span lang=\"ES-TRAD\">En tanto que\u00a0Renny P\u00e9rez\u00a0tendr\u00e1 la funci\u00f3n de Catcher del Bullpen y\u00a0Ram\u00f3n Lubo\u00a0ser\u00e1 Coach Encargado del Replay.\u00a0Dennis Brito\u00a0y\u00a0Benny Adames\u00a0estar\u00e1n como Lanzadores de Pr\u00e1cticas.<\/span><\/p>\n<p class=\"x_MsoNormal\"><span lang=\"ES-TRAD\">Los Leones iniciar\u00e1n su temporada el s\u00e1bado 12 de octubre contra los Tigres del Licey en calidad de visitantes en el Estadio Quisqueya. El primer juego del Escogido como local ser\u00e1 al d\u00eda siguiente cuando reciban en el mismo parque a los Gigantes del Cibao.<\/span><\/p>\n","protected":false},"excerpt":{"rendered":"<p>Los Leones confirmaron su staff completo para la temporada 2019-2020.<\/p>\n","protected":false},"author":16,"featured_media":58537,"comment_status":"closed","ping_status":"closed","sticky":false,"template":"","format":"standard","meta":[],"categories":[2,60],"tags":[],"acf":[],"_links":{"self":[{"href":"https:\/\/colimdo.org\/wp-api\/wp\/v2\/posts\/58535"}],"collection":[{"href":"https:\/\/colimdo.org\/wp-api\/wp\/v2\/posts"}],"about":[{"href":"https:\/\/colimdo.org\/wp-api\/wp\/v2\/types\/post"}],"author":[{"embeddable":true,"href":"https:\/\/colimdo.org\/wp-api\/wp\/v2\/users\/16"}],"replies":[{"embeddable":true,"href":"https:\/\/colimdo.org\/wp-api\/wp\/v2\/comments?post=58535"}],"version-history":[{"count":1,"href":"https:\/\/colimdo.org\/wp-api\/wp\/v2\/posts\/58535\/revisions"}],"predecessor-version":[{"id":58538,"href":"https:\/\/colimdo.org\/wp-api\/wp\/v2\/posts\/58535\/revisions\/58538"}],"wp:featuredmedia":[{"embeddable":true,"href":"https:\/\/colimdo.org\/wp-api\/wp\/v2\/media\/58537"}],"wp:attachment":[{"href":"https:\/\/colimdo.org\/wp-api\/wp\/v2\/media?parent=58535"}],"wp:term":[{"taxonomy":"category","embeddable":true,"href":"https:\/\/colimdo.org\/wp-api\/wp\/v2\/categories?post=58535"},{"taxonomy":"post_tag","embeddable":true,"href":"https:\/\/colimdo.org\/wp-api\/wp\/v2\/tags?post=58535"}],"curies":[{"name":"wp","href":"https:\/\/api.w.org\/{rel}","templated":true}]}}