{"id":58539,"date":"2019-07-23T17:09:37","date_gmt":"2019-07-23T17:09:37","guid":{"rendered":"https:\/\/colimdo.org\/?p=58539"},"modified":"2019-07-23T17:09:37","modified_gmt":"2019-07-23T17:09:37","slug":"roberto-cid-confiado-tenis-hara-gran-papel-juegos-panamericanos","status":"publish","type":"post","link":"https:\/\/colimdo.org\/noticias\/roberto-cid-confiado-tenis-hara-gran-papel-juegos-panamericanos\/","title":{"rendered":"Roberto Cid confiado tenis har\u00e1 un gran papel en Juegos Panamericanos"},"content":{"rendered":"<p>SANTO DOMINGO, HANLY RAM\u00cdREZ.- Roberto Cid fue parte de la actuaci\u00f3n m\u00e1s memorable del tenis dominicano en unos Juegos Centroamericanos y del Caribe, en la edici\u00f3n del pasado a\u00f1o celebrada en Barranquilla, Colombia, un \u00e9xito que est\u00e1 determinado a repetir ahora en los Juegos Panamericanos de Lima 2019.<br \/>\nEn Barranquilla el seleccionado de tenis obtuvo tres medallas de oro y una de plata, en este resultado Cid se acredit\u00f3 las preseas de oro en dobles masculino y por equipo, mientras obtuvo la de plata en sencillos al caer en la final ante su compatriota y compa\u00f1ero, V\u00edctor Estrella.<br \/>\nMientras se prepara para este reto que constituye su participaci\u00f3n en el certamen que incia el pr\u00f3ximo 26 de julio y culmina el 11 de agosto, para el cual ha dicho que no dar\u00e1 menos del 100%, Roberto se muestra confiado en la labor que har\u00e1 la escuadra que conforma junto a Estrella, Jos\u00e9 \u2013Bebo- Hern\u00e1ndez y Kelly Williford Leonardo.<br \/>\n\u201cEstaremos dando todo por el pa\u00eds y esperamos poder llevar las medallas\u201d, expres\u00f3 Cid quien estuvo entrenando en Tampa, Florida, antes de dirigirse a Europa, donde culminar\u00eda su proceso de preparaci\u00f3n para los Juegos Panamericanos, jugando en dos torneos del viejo continente.<br \/>\nEl joven tenista no esconde su satisfacci\u00f3n por representar al pa\u00eds en suelo peruano, una oportunidad que considera como un honor.<br \/>\nEl seleccionado dominicano de tenis estar\u00e1 accionando el torneo de esta disciplina que desde el pr\u00f3ximo 29 de julio y hasta el 04 de agosto, en las modalidades individual femenino y masculino, y dobles masculino y femenino.<\/p>\n","protected":false},"excerpt":{"rendered":"<p>El tenis dominicano tratar\u00e1 de poner al pa\u00eds en el medallero de Lima 2019.<\/p>\n","protected":false},"author":16,"featured_media":58540,"comment_status":"closed","ping_status":"closed","sticky":false,"template":"","format":"standard","meta":[],"categories":[2,60],"tags":[],"acf":[],"_links":{"self":[{"href":"https:\/\/colimdo.org\/wp-api\/wp\/v2\/posts\/58539"}],"collection":[{"href":"https:\/\/colimdo.org\/wp-api\/wp\/v2\/posts"}],"about":[{"href":"https:\/\/colimdo.org\/wp-api\/wp\/v2\/types\/post"}],"author":[{"embeddable":true,"href":"https:\/\/colimdo.org\/wp-api\/wp\/v2\/users\/16"}],"replies":[{"embeddable":true,"href":"https:\/\/colimdo.org\/wp-api\/wp\/v2\/comments?post=58539"}],"version-history":[{"count":1,"href":"https:\/\/colimdo.org\/wp-api\/wp\/v2\/posts\/58539\/revisions"}],"predecessor-version":[{"id":58541,"href":"https:\/\/colimdo.org\/wp-api\/wp\/v2\/posts\/58539\/revisions\/58541"}],"wp:featuredmedia":[{"embeddable":true,"href":"https:\/\/colimdo.org\/wp-api\/wp\/v2\/media\/58540"}],"wp:attachment":[{"href":"https:\/\/colimdo.org\/wp-api\/wp\/v2\/media?parent=58539"}],"wp:term":[{"taxonomy":"category","embeddable":true,"href":"https:\/\/colimdo.org\/wp-api\/wp\/v2\/categories?post=58539"},{"taxonomy":"post_tag","embeddable":true,"href":"https:\/\/colimdo.org\/wp-api\/wp\/v2\/tags?post=58539"}],"curies":[{"name":"wp","href":"https:\/\/api.w.org\/{rel}","templated":true}]}}