{"id":58547,"date":"2019-07-23T17:38:36","date_gmt":"2019-07-23T17:38:36","guid":{"rendered":"https:\/\/colimdo.org\/?p=58547"},"modified":"2019-07-23T17:38:36","modified_gmt":"2019-07-23T17:38:36","slug":"baloncesto-3x3-boxeo-pentatlon-moderno-salen-hacia-lima","status":"publish","type":"post","link":"https:\/\/colimdo.org\/noticias\/baloncesto-3x3-boxeo-pentatlon-moderno-salen-hacia-lima\/","title":{"rendered":"Baloncesto 3&#215;3, Boxeo y Pentatl\u00f3n Moderno salen hacia Lima"},"content":{"rendered":"<p class=\"x_gmail-m_-531842836765749008ydpb6b821a4yiv9969082815msonormal\"><b><span lang=\"ES-TRAD\">Santo Domingo.-<\/span><\/b><span lang=\"ES-TRAD\">\u00a0Los equipos de baloncesto 3&#215;3 en ambas ramas, boxeo y pentatl\u00f3n moderno, partieron este martes desde el Centro Ol\u00edmpico hacia el Aeropuerto de Punta Cana, para viajar a Lima, Per\u00fa, para su participaci\u00f3n en los\u00a0<i>XVIII Juegos Panamericanos 2019<\/i>.<\/span><\/p>\n<p class=\"x_gmail-m_-531842836765749008ydpb6b821a4yiv9969082815msonormal\"><span lang=\"ES-TRAD\">Este es el tercer grupo de deportistas dominicanos que salen a la naci\u00f3n suramericana para participar en el magno evento continental.<\/span><\/p>\n<p class=\"x_gmail-m_-531842836765749008ydpb6b821a4yiv9969082815msonormal\"><span lang=\"ES-TRAD\">El equipo dominicano de Baloncesto 3&#215;3 masculino est\u00e1 integrado por Rhalf Bryan Inoa Piantini, Henry Danny Valdez S\u00e1nchez, Reyson Beato Dur\u00e1n y Adonis de Jes\u00fas N\u00fa\u00f1ez Garc\u00eda. Mientras que el femenino lo forman Giocelis Reynoso Santana, Sugeiry Alexandra Monsac Sierra, Nelsy Sentil y Cheisy Carolay Hern\u00e1ndez.<\/span><\/p>\n<p class=\"x_gmail-m_-531842836765749008ydpb6b821a4yiv9969082815msonormal\"><span lang=\"ES-TRAD\">Elka Jim\u00e9nez, Rafael Faneyte y Bernardo Ventura acompa\u00f1an a los seleccionados de baloncesto 3&#215;3 en calidad de delegados.<\/span><\/p>\n<p class=\"x_gmail-m_-531842836765749008ydpb6b821a4yiv9969082815msonormal\"><span lang=\"ES-TRAD\">Durante los Juegos Centroamericanos y del Caribe de Barranquilla, Colombia 2018, el baloncesto 3&#215;3 logr\u00f3 plata en masculino y bronce en femenino.<\/span><\/p>\n<p class=\"x_gmail-m_-531842836765749008ydpb6b821a4yiv9969082815msonormal\"><span lang=\"ES-TRAD\">Los dos equipos de baloncesto 3&#215;3 sostendr\u00e1n varios encuentros de fogueo en Lima antes de su participaci\u00f3n oficial en el torneo de esa disciplina que ser\u00e1 celebrado en el marco de los Juegos Panamericanos del 27 al 29 de julio.<\/span><\/p>\n<p class=\"x_gmail-m_-531842836765749008ydpb6b821a4yiv9969082815msonormal\"><span lang=\"ES-TRAD\">El Boxeo tiene 11 atletas clasificados para Lima, nueve de ellos masculinos, los cuales son: Mario Lavegar Cepeda en 49 kilogramos; Rodrigo Marte de la Rosa en 52 kilos; Alexy de la Cruz en 56 kilos; y Leonel de los Santos en 60 kilogramos.<\/span><\/p>\n<p class=\"x_gmail-m_-531842836765749008ydpb6b821a4yiv9969082815msonormal\"><span lang=\"ES-TRAD\">Adem\u00e1s, Hendri Cede\u00f1o en 64 kilos; Rohan Polanco en los 69 kilogramos; Euri Cede\u00f1o en 75 kilos; Luis Manuel George en 81 kilos; y completa la parte masculina Joaqu\u00edn Berroa en los 91 kilogramos.<\/span><\/p>\n<p class=\"x_gmail-m_-531842836765749008ydpb6b821a4yiv9969082815msonormal\"><span lang=\"ES-TRAD\">En la femenina, est\u00e1n Miguelina Hern\u00e1ndez en los 51 kilos; y Mar\u00eda Moronta en 69 kilogramos.<\/span><\/p>\n<p class=\"x_gmail-m_-531842836765749008ydpb6b821a4yiv9969082815msonormal\"><span lang=\"ES-TRAD\">La comisi\u00f3n m\u00e9dica de boxeo est\u00e1 formada por Jos\u00e9 Manuel Rodr\u00edguez, y H\u00e9ctor Garc\u00eda como delegado.<\/span><\/p>\n<p class=\"x_gmail-m_-531842836765749008ydpb6b821a4yiv9969082815msonormal\"><span lang=\"ES-TRAD\">El boxeo est\u00e1 programado a disputarse desde el 27 de julio al 2 de Agosto.<\/span><\/p>\n<p class=\"x_gmail-m_-531842836765749008ydpb6b821a4yiv9969082815msonormal\"><span lang=\"ES-TRAD\">En tanto, que el Pentatl\u00f3n Moderno viaja con cuatro atletas, ellos son: Katherine Garrido, Cecilia Karina Ferm\u00edn, Gabriel Dom\u00ednguez Bid\u00f3 y Brayan Almonte.<\/span><\/p>\n<p class=\"x_gmail-m_-531842836765749008ydpb6b821a4yiv9969082815msonormal\"><span lang=\"ES-TRAD\">Adem\u00e1s, acompa\u00f1a al TeamDom de Pentatl\u00f3n Moderno Orlando Salvador como su delegado y Freddy N\u00fa\u00f1ez, el presidente de la Federaci\u00f3n.<\/span><\/p>\n<p class=\"x_gmail-m_-531842836765749008ydpb6b821a4yiv9969082815msonormal\"><span lang=\"ES-TRAD\">Esta disciplina est\u00e1 pautada desde el 25 al 30 de julio.<\/span><\/p>\n","protected":false},"excerpt":{"rendered":"<p>Las delegaciones dominicanas de baloncesto 3&#215;3, boxeo y pentatl\u00f3n, se dirigen hacia Lima para su participaci\u00f3n en los XVIII Juegos Panamericanos.<\/p>\n","protected":false},"author":16,"featured_media":58551,"comment_status":"closed","ping_status":"closed","sticky":false,"template":"","format":"standard","meta":[],"categories":[2,60],"tags":[],"acf":[],"_links":{"self":[{"href":"https:\/\/colimdo.org\/wp-api\/wp\/v2\/posts\/58547"}],"collection":[{"href":"https:\/\/colimdo.org\/wp-api\/wp\/v2\/posts"}],"about":[{"href":"https:\/\/colimdo.org\/wp-api\/wp\/v2\/types\/post"}],"author":[{"embeddable":true,"href":"https:\/\/colimdo.org\/wp-api\/wp\/v2\/users\/16"}],"replies":[{"embeddable":true,"href":"https:\/\/colimdo.org\/wp-api\/wp\/v2\/comments?post=58547"}],"version-history":[{"count":1,"href":"https:\/\/colimdo.org\/wp-api\/wp\/v2\/posts\/58547\/revisions"}],"predecessor-version":[{"id":58556,"href":"https:\/\/colimdo.org\/wp-api\/wp\/v2\/posts\/58547\/revisions\/58556"}],"wp:featuredmedia":[{"embeddable":true,"href":"https:\/\/colimdo.org\/wp-api\/wp\/v2\/media\/58551"}],"wp:attachment":[{"href":"https:\/\/colimdo.org\/wp-api\/wp\/v2\/media?parent=58547"}],"wp:term":[{"taxonomy":"category","embeddable":true,"href":"https:\/\/colimdo.org\/wp-api\/wp\/v2\/categories?post=58547"},{"taxonomy":"post_tag","embeddable":true,"href":"https:\/\/colimdo.org\/wp-api\/wp\/v2\/tags?post=58547"}],"curies":[{"name":"wp","href":"https:\/\/api.w.org\/{rel}","templated":true}]}}