{"id":58552,"date":"2019-07-23T17:36:43","date_gmt":"2019-07-23T17:36:43","guid":{"rendered":"https:\/\/colimdo.org\/?p=58552"},"modified":"2019-07-23T17:36:43","modified_gmt":"2019-07-23T17:36:43","slug":"super-sanchez-recuerda-siempre-oro-logro-ante-los-suyos","status":"publish","type":"post","link":"https:\/\/colimdo.org\/noticias\/super-sanchez-recuerda-siempre-oro-logro-ante-los-suyos\/","title":{"rendered":"\u2018S\u00faper\u2019 S\u00e1nchez recuerda \u201cpara siempre\u201d el oro que logr\u00f3 ante los suyos"},"content":{"rendered":"<p>SANTO DOMINGO.- La medalla de oro que logr\u00f3 ante miles de sus compatriotas en los Juegos Panamericanos Santo Domingo 2003 es uno de los momentos que F\u00e9lix \u2018S\u00faper\u2019 S\u00e1nchez tiene grabados \u201cpara siempre\u201d en su memoria, porque sab\u00eda \u201cque el 100 por ciento del estadio\u201d le estaba apoyando.<\/p>\n<p>Dos a\u00f1os atr\u00e1s, este hijo de dominicanos nacido en Nueva York, se hizo en Edmonton, Canad\u00e1, con su primer t\u00edtulo mundial en los 400 metros vallas y coloc\u00f3 por primera vez a la Rep\u00fablica Dominicana en el mapa del atletismo universal.<\/p>\n<p>Desde entonces, teji\u00f3 una carrera que incluy\u00f3 un segundo t\u00edtulo en Campeonatos Mundiales (Par\u00eds 2003) y medallas de oro en los Juegos Ol\u00edmpicos de Atenas 2004 y Londres 2012, donde a\u00fan es recordado por su llanto incontrolable al momento de ser premiado.<\/p>\n<p>Pero la noche del 6 de agosto de 2003 sigue fresca en la mente de S\u00e1nchez, cuando cruz\u00f3 la meta en primer lugar ante el delirio de las m\u00e1s de 30.000 personas que abarrotaron el Estadio Ol\u00edmpico de Santo Domingo, que, varios a\u00f1os despu\u00e9s, fue bautizado con su nombre.<\/p>\n<p>\u201cEsa noche, cuando entr\u00e9 al estadio quedaron grabados en mi memoria para siempre los gritos de la gente; quer\u00edan verme ganar, sent\u00eda ese \u00e1nimo y despu\u00e9s de cumplir con el oro (\u2026) son cosas que hay que valorar, que no suceden todos los d\u00edas\u201d, dijo S\u00e1nchez al conversar con Efe en un aparte de sus funciones como entrenador.<\/p>\n<p>S\u00ed: el exatleta, que hace tres a\u00f1os anunci\u00f3 su retiro de las pistas, sigue en ellas pero en roles t\u00e9cnicos, en los que asegur\u00f3 que los \u201cnervios\u201d afloran mucho m\u00e1s que cuando corr\u00eda.<\/p>\n<p>\u201cYo casi nunca estuve nervioso en una competici\u00f3n, pero ahora como entrenador tengo esos nervios, esa falta de control que me hace ponerme m\u00e1s nervioso de la cuenta. De este lado es mucho m\u00e1s dif\u00edcil, porque pierdes el control para pasar a ser un aficionado m\u00e1s. Espero que los muchachos (atletas) no se pongan nerviosos como yo a la hora de competir\u201d, dijo S\u00e1nchez sonriendo.<\/p>\n<p>Entre esos \u201cmuchachos\u201d a los que alude est\u00e1n el medallista de plata ol\u00edmpico Luguelin Santos (Londres 2012), la principal baza del atletismo dominicano, as\u00ed como su hermano, Juander, quien hace dos a\u00f1os avanz\u00f3 a la final de los 400 vallas en los Mundiales de la capital inglesa.<\/p>\n<p>Bajo su tutela hay otros nombres como el de Lidio Feliz, a quien considera el mejor velocista dominicano de la actualidad en los 200 y 400 metros, as\u00ed como Milagros Dur\u00e1n, de 19 a\u00f1os, quien acumula ya experiencias en los Mundiales sub\u201918 y sub\u201919.<\/p>\n<p>\u201cTenemos cuatro o cinco muchachos que tendr\u00e1n la oportunidad de representar al pa\u00eds en los Juegos Panamericanos; ser\u00e1 su primer paso para tratar de llegar al nivel mundial\u201d, explic\u00f3 el exatleta, de 41 a\u00f1os.<\/p>\n<p>Durante la conversaci\u00f3n con Efe, \u2018S\u00faper\u2019 F\u00e9lix rememor\u00f3 su actuaci\u00f3n en la cita continental de 2007 en R\u00edo de Janeiro, cuando dominaba la carrera y tropez\u00f3 con la \u00faltima valla y finalmente cruz\u00f3 en cuarto lugar.<\/p>\n<p>\u201cLlegu\u00e9 a R\u00edo con la esperanza de correr bien y llevarme otro oro (panamericano), pero choqu\u00e9 con esa \u00faltima valla (?). Fue dif\u00edcil y complicado, pero al mismo tiempo me dio m\u00e1s \u00e1nimo y apenas un mes despu\u00e9s logr\u00e9 la plata en el Mundial (de Osaka, Jap\u00f3n)\u201d, record\u00f3.<\/p>\n<p>Cuatro a\u00f1os despu\u00e9s, S\u00e1nchez lleg\u00f3 agotado a la cita de Guadalajara 2011, tras una larga temporada.<\/p>\n<p>\u201cEsos Juegos fueron en el \u00faltimo cuatrimestre del a\u00f1o, cuando ya uno est\u00e1 cansado, pero a\u00fan as\u00ed decid\u00ed participar y trat\u00e9 de ganar la medalla de plata y me lanc\u00e9 de cabeza para llegar a la meta; finalmente me qued\u00e9 con el bronce y con el hombro derecho dislocado\u201d, dice.<\/p>\n<p>Despu\u00e9s de esa agridulce experiencia, el dominicano toc\u00f3 de nuevo la gloria con el -inesperado para muchos- oro en la capital londinense.<\/p>\n<p>\u201cEstaba feliz, contento, satisfecho del trabajo que hicimos luego de preparar una temporada de diez meses en busca de esa medalla (?). Ocho a\u00f1os despu\u00e9s (en Atenas 2004) por fin logr\u00e9 lo que pensaba en mis sue\u00f1os (\u2026) cuando lo logras, no hay mayor felicidad\u201d, explic\u00f3 S\u00e1nchez, quien luego de la carrera acomod\u00f3 sus rodillas y brazos en la pista y extrajo una foto donde figura junto a su abuela fallecida, a quien dedic\u00f3 la carrera.<\/p>\n<p>A Toronto 2015, el campe\u00f3n ol\u00edmpico lleg\u00f3 con no muy buena salud y dudas sobre si hab\u00eda llegado la hora del retiro o si todav\u00eda quedaba gasolina en el tanque. Estuvo a punto de no asistir al evento, pero las autoridades ol\u00edmpicas de su pa\u00eds le dijeron que \u00e9l ser\u00eda el abanderado y se sinti\u00f3 comprometido.<\/p>\n<p>\u201cRealmente, a partir de ah\u00ed empec\u00e9 a organizarme y a aclarar qu\u00e9 quer\u00eda hacer con mi vida despu\u00e9s de concluir mi carrera deportiva. Cuando eres atleta no piensas en eso (retiro), solo te fijas metas y logros por alcanzar y nada m\u00e1s (?). Al llegar a los \u00faltimos a\u00f1os de mi carrera todo eso me puso a pensar\u201d, reflexiona S\u00e1nchez.<\/p>\n<p>As\u00ed, en abril de 2016 el m\u00e1s laureado atleta ol\u00edmpico en la historia de Rep\u00fablica Dominicana anunci\u00f3 desde Los \u00c1ngeles (EE.UU.) en videoconferencia -en la que tampoco pudo contener las l\u00e1grimas- que hab\u00eda llegado el momento del adi\u00f3s.<\/p>\n<p>\u201cDecid\u00ed que a\u00fan fuera de las carreras seguir\u00eda en el atletismo y me mud\u00e9 al pa\u00eds para ense\u00f1ar a los j\u00f3venes; fund\u00e9 una academia y me va muy bien\u201d, confes\u00f3 quien pas\u00f3 de ser F\u00e9lix \u2018S\u00faper\u2019 S\u00e1nchez en las pistas a uno de los entrenadores nacionales del atletismo dominicano.<\/p>\n","protected":false},"excerpt":{"rendered":"<p>La medalla de oro que logr\u00f3 ante miles de sus compatriotas en los Juegos Panamericanos Santo Domingo 2003 es uno de los momentos que F\u00e9lix \u2018S\u00faper\u2019 S\u00e1nchez tiene grabados \u201cpara siempre\u201d en su memoria, porque sab\u00eda \u201cque el 100 por ciento del estadio\u201d le estaba apoyando.<\/p>\n","protected":false},"author":16,"featured_media":58553,"comment_status":"closed","ping_status":"closed","sticky":false,"template":"","format":"standard","meta":[],"categories":[2,60],"tags":[],"acf":[],"_links":{"self":[{"href":"https:\/\/colimdo.org\/wp-api\/wp\/v2\/posts\/58552"}],"collection":[{"href":"https:\/\/colimdo.org\/wp-api\/wp\/v2\/posts"}],"about":[{"href":"https:\/\/colimdo.org\/wp-api\/wp\/v2\/types\/post"}],"author":[{"embeddable":true,"href":"https:\/\/colimdo.org\/wp-api\/wp\/v2\/users\/16"}],"replies":[{"embeddable":true,"href":"https:\/\/colimdo.org\/wp-api\/wp\/v2\/comments?post=58552"}],"version-history":[{"count":1,"href":"https:\/\/colimdo.org\/wp-api\/wp\/v2\/posts\/58552\/revisions"}],"predecessor-version":[{"id":58554,"href":"https:\/\/colimdo.org\/wp-api\/wp\/v2\/posts\/58552\/revisions\/58554"}],"wp:featuredmedia":[{"embeddable":true,"href":"https:\/\/colimdo.org\/wp-api\/wp\/v2\/media\/58553"}],"wp:attachment":[{"href":"https:\/\/colimdo.org\/wp-api\/wp\/v2\/media?parent=58552"}],"wp:term":[{"taxonomy":"category","embeddable":true,"href":"https:\/\/colimdo.org\/wp-api\/wp\/v2\/categories?post=58552"},{"taxonomy":"post_tag","embeddable":true,"href":"https:\/\/colimdo.org\/wp-api\/wp\/v2\/tags?post=58552"}],"curies":[{"name":"wp","href":"https:\/\/api.w.org\/{rel}","templated":true}]}}