{"id":58560,"date":"2019-07-23T23:01:59","date_gmt":"2019-07-23T23:01:59","guid":{"rendered":"https:\/\/colimdo.org\/?p=58560"},"modified":"2019-07-23T23:01:59","modified_gmt":"2019-07-23T23:01:59","slug":"balonmano-femenino-voleibol-playa-abren-calendario-panam-2019","status":"publish","type":"post","link":"https:\/\/colimdo.org\/noticias\/balonmano-femenino-voleibol-playa-abren-calendario-panam-2019\/","title":{"rendered":"Balonmano femenino y voleibol playa abren calendario en Panam 2019"},"content":{"rendered":"<p class=\"x_ydp60bc3750MsoNoSpacing\"><b><span lang=\"ES-DO\">LIMA, Per\u00fa<\/span><\/b><span lang=\"ES-DO\">. El equipo de balonmano femenino y la dupla de voleibol de playa masculino dar\u00e1n inicio este mi\u00e9rcoles al calendario de competencias de la delegaci\u00f3n de la Rep\u00fablica Dominicana en los XVIII Juegos Panamericanos de esta ciudad.<\/span><\/p>\n<p class=\"x_ydp60bc3750MsoNoSpacing\"><span lang=\"ES-DO\">En la apertura de la serie regular del torneo de balonmano, que concluye el martes 30 de este mes, la representaci\u00f3n dominicana enfrentar\u00e1 a Per\u00fa, a la 3:30 de la tarde (4:30 pm hora dominicana) en la Videna Polideportivo I.<\/span><\/p>\n<p class=\"x_ydp60bc3750MsoNoSpacing\"><span lang=\"ES-DO\">Adem\u00e1s de los encuentros de balonmano femenino y voleibol playa, tambi\u00e9n se llevar\u00e1 a cabo el izamiento de la ense\u00f1a tricolor este mi\u00e9rcoles, a las 2:00 de la tarde (3:00 pm hora dominicana) en la zona internacional en la Villa Panamericana.<\/span><\/p>\n<p class=\"x_ydp60bc3750MsoNoSpacing\"><span lang=\"ES-DO\">El conjunto de balonmano femenino retorna a los Juegos Panamericanos luego de ganar medalla de bronce en Guadalajara 2011 y estar ausenta en la cita de Toronto 2015.<\/span><\/p>\n<p class=\"x_ydp60bc3750MsoNoSpacing\"><span lang=\"ES-DO\">La representaci\u00f3n dominicana, que viene de agotar una base de entrenamiento en Espa\u00f1a, conforma el Grupo B, conjuntamente con Per\u00fa, Estados Unidos y Argentina, mientras que el Grupo A lo integran las selecciones de Brasil, Cuba, Puerto Rico y Canad\u00e1.<\/span><\/p>\n<p class=\"x_ydp60bc3750MsoNoSpacing\"><span lang=\"ES-DO\">La capitana Nancy Pe\u00f1a y Florquidia Puello, en el extremo izquierdo, as\u00ed como Mariela Andino y Joabel Brito, en el derecho, lideran la ofensiva del equipo quisqueyano, que tambi\u00e9n exhibe una s\u00f3lida defensa.<\/span><\/p>\n<p class=\"x_ydp60bc3750MsoNoSpacing\"><span lang=\"ES-DO\">El segundo partido de balonmano est\u00e1 pautado para el jueves ante el seleccionado de Estados Unidos, y cerrar\u00e1 la ronda preliminar el s\u00e1bado ante Argentina.<\/span><\/p>\n<p class=\"x_ydp60bc3750MsoNoSpacing\"><span lang=\"ES-DO\">Los primeros dos equipos de cada Grupo avanzan a la semifinal. El primero del A enfrentar\u00e1 al segundo del B y viceversa.<\/span><\/p>\n<p class=\"x_ydp60bc3750MsoNoSpacing\"><span lang=\"ES-DO\">VOLEIBOL DE PLAYA<\/span><\/p>\n<p class=\"x_ydp60bc3750MsoNoSpacing\"><span lang=\"ES-DO\">El equipo de voleibol playa, conformado por William S\u00e1nchez Tejeda y \u00c1lex Medina, jugar\u00e1 su primer partido ante Per\u00fa, desde las 9:00 de la ma\u00f1ana (10:00 am hora dominicana) en el Estadio de Voleibol Playa en la Videna Polideportiva.<\/span><\/p>\n<p class=\"x_ydp60bc3750MsoNoSpacing\"><span lang=\"ES-DO\">\u201cEsperamos dar el todo para lograr nuestro objetivo\u201d, agreg\u00f3 \u00c1lex Medina.<\/span><\/p>\n<p class=\"x_ydp60bc3750MsoNoSpacing\"><span lang=\"ES-DO\">En su primera experiencia en Juegos Panamericanos, los voleibolistas de playa S\u00e1nchez Tejeda y Medina entienden que la primera ronda del torneo no ser\u00e1 tan complicada, pero que no se confiar\u00e1n y que lo dar\u00e1n todo. \u201cEs un compromiso grande con el pa\u00eds y sentimos mucho orgullo. Nuestra combinaci\u00f3n es crear las condiciones necesarias y entendimiento mutuo en el juego\u201d, declar\u00f3 S\u00e1nchez Tejeda, quien inform\u00f3 que salen este lunes hacia Lima.<\/span><\/p>\n<p class=\"x_ydp60bc3750MsoNoSpacing\"><span lang=\"ES-DO\">La dupla manifest\u00f3 que tiene varios a\u00f1os entrenando juntos, tras la participaci\u00f3n en los diferentes torneos que organiza la Norceca.<\/span><\/p>\n<p class=\"x_ydp60bc3750MsoNoSpacing\"><span lang=\"ES-DO\">\u201cHemos estado entre los primeros ocho\u201d, asegur\u00f3 Medina<\/span><\/p>\n","protected":false},"excerpt":{"rendered":"<p>En la apertura de la serie regular del torneo de balonmano, que concluye el martes 30 de este mes, la representaci\u00f3n dominicana enfrentar\u00e1 a Per\u00fa, a la 3:30 de la tarde (4:30 pm hora dominicana) en la Videna Polideportivo I.<\/p>\n","protected":false},"author":19,"featured_media":58561,"comment_status":"closed","ping_status":"closed","sticky":false,"template":"","format":"standard","meta":[],"categories":[2,60],"tags":[],"acf":[],"_links":{"self":[{"href":"https:\/\/colimdo.org\/wp-api\/wp\/v2\/posts\/58560"}],"collection":[{"href":"https:\/\/colimdo.org\/wp-api\/wp\/v2\/posts"}],"about":[{"href":"https:\/\/colimdo.org\/wp-api\/wp\/v2\/types\/post"}],"author":[{"embeddable":true,"href":"https:\/\/colimdo.org\/wp-api\/wp\/v2\/users\/19"}],"replies":[{"embeddable":true,"href":"https:\/\/colimdo.org\/wp-api\/wp\/v2\/comments?post=58560"}],"version-history":[{"count":1,"href":"https:\/\/colimdo.org\/wp-api\/wp\/v2\/posts\/58560\/revisions"}],"predecessor-version":[{"id":58562,"href":"https:\/\/colimdo.org\/wp-api\/wp\/v2\/posts\/58560\/revisions\/58562"}],"wp:featuredmedia":[{"embeddable":true,"href":"https:\/\/colimdo.org\/wp-api\/wp\/v2\/media\/58561"}],"wp:attachment":[{"href":"https:\/\/colimdo.org\/wp-api\/wp\/v2\/media?parent=58560"}],"wp:term":[{"taxonomy":"category","embeddable":true,"href":"https:\/\/colimdo.org\/wp-api\/wp\/v2\/categories?post=58560"},{"taxonomy":"post_tag","embeddable":true,"href":"https:\/\/colimdo.org\/wp-api\/wp\/v2\/tags?post=58560"}],"curies":[{"name":"wp","href":"https:\/\/api.w.org\/{rel}","templated":true}]}}