{"id":58563,"date":"2019-07-23T23:07:02","date_gmt":"2019-07-23T23:07:02","guid":{"rendered":"https:\/\/colimdo.org\/?p=58563"},"modified":"2019-07-23T23:07:02","modified_gmt":"2019-07-23T23:07:02","slug":"luis-mejia-danilo-diaz-encabezan-delegacion-salio-lima","status":"publish","type":"post","link":"https:\/\/colimdo.org\/noticias\/luis-mejia-danilo-diaz-encabezan-delegacion-salio-lima\/","title":{"rendered":"Luis Mej\u00eda y Danilo D\u00edaz encabezan delegaci\u00f3n sali\u00f3 a Lima"},"content":{"rendered":"<div>\n<div dir=\"ltr\">\n<div>\n<p><span lang=\"ES-DO\">Santo Domingo.- El tercer grupo de atletas, dirigentes y funcionarios del Ministerio de Deportes sali\u00f3 este martes con destino a Lima para participar de los XVIII Juegos Panamericanos que ser\u00e1n celebrados del 26 de julio al 11 de agosto.<\/span><\/p>\n<p><span lang=\"ES-DO\">La delegaci\u00f3n est\u00e1 encabezada por Luis Mej\u00eda, presidente del Comit\u00e9 Ol\u00edmpico Dominicano, el ministro de Deportes, Danilo D\u00edaz Vizca\u00edno y Manuel Luna, director ejecutivo del programa Creando Sue\u00f1os Ol\u00edmpicos (CRESO).<\/span><\/p>\n<p><span lang=\"ES-DO\">Mej\u00eda, D\u00edaz Vizca\u00edno y Luna, partieron a las 5:00 de la tarde por la l\u00ednea a\u00e9rea Avianca desde la terminal del Aeropuerto de Punta Cana. En ese vuelo tambi\u00e9n viaja el laureado tenista V\u00edctor Estrella.<\/span><\/p>\n<p><span lang=\"ES-DO\">Mej\u00eda, tambi\u00e9n miembro del Comit\u00e9 Ol\u00edmpico Internacional y D\u00edaz Vizca\u00edno, encabezar\u00e1n el acto de izamiento de la bandera en la plaza dispuestas para estos fines, en la Villa Panamericana.<\/span><\/p>\n<p><span lang=\"ES-DO\">El otro grupo que integran los atletas de baloncesto 3&#215;3, masculino y femenino, as\u00ed como boxeo y pentatl\u00f3n moderno, salieron por Punta Cana.<\/span><\/p>\n<p class=\"x_ydpe61bf06ax_ydp8b669979yiv5031570150ydpb6b821a4yiv9969082815msonormal\"><span lang=\"ES-TRAD\">Este es el tercer grupo de deportistas dominicanos que salen a la naci\u00f3n suramericana para participar en el magno evento continental.<\/span><\/p>\n<p class=\"x_ydpe61bf06ax_ydp8b669979yiv5031570150ydpb6b821a4yiv9969082815msonormal\"><span lang=\"ES-TRAD\">El equipo dominicano de Baloncesto 3&#215;3 masculino est\u00e1 integrado por Rhalf Bryan Inoa Piantini, Henry Danny Valdez S\u00e1nchez, Reyson Beato Dur\u00e1n y Adonis de Jes\u00fas N\u00fa\u00f1ez Garc\u00eda. Mientras que el femenino lo forman Giocelis Reynoso Santana, Sugeiry Alexandra Monsac Sierra, Nelsy Sentil y Cheisy Carolay Hern\u00e1ndez.<\/span><\/p>\n<p class=\"x_ydpe61bf06ax_ydp8b669979yiv5031570150ydpb6b821a4yiv9969082815msonormal\"><span lang=\"ES-TRAD\">Elka Jim\u00e9nez, Rafael Faneyte y Bernardo Ventura acompa\u00f1an a los seleccionados de baloncesto 3&#215;3 en calidad de delegados.<\/span><\/p>\n<p class=\"x_ydpe61bf06ax_ydp8b669979yiv5031570150ydpb6b821a4yiv9969082815msonormal\"><span lang=\"ES-TRAD\">Durante los Juegos Centroamericanos y del Caribe de Barranquilla, Colombia 2018, el baloncesto 3&#215;3 logr\u00f3 plata en masculino y bronce en femenino.<\/span><\/p>\n<p class=\"x_ydpe61bf06ax_ydp8b669979yiv5031570150ydpb6b821a4yiv9969082815msonormal\"><span lang=\"ES-TRAD\">Los dos equipos de baloncesto 3&#215;3 sostendr\u00e1n varios encuentros de fogueo en Lima antes de su participaci\u00f3n oficial en el torneo de esa disciplina que ser\u00e1 celebrado en el marco de los Juegos Panamericanos del 27 al 29 de julio.<\/span><\/p>\n<p class=\"x_ydpe61bf06ax_ydp8b669979yiv5031570150ydpb6b821a4yiv9969082815msonormal\"><span lang=\"ES-TRAD\">El Boxeo tiene 11 atletas clasificados para Lima, nueve de ellos masculinos, los cuales son: Mario Lavegar Cepeda en 49 kilogramos; Rodrigo Marte de la Rosa en 52 kilos; Alexy de la Cruz en 56 kilos; y Leonel de los Santos en 60 kilogramos.<\/span><\/p>\n<p class=\"x_ydpe61bf06ax_ydp8b669979yiv5031570150ydpb6b821a4yiv9969082815msonormal\"><span lang=\"ES-TRAD\">Adem\u00e1s, Hendri Cede\u00f1o en 64 kilos; Rohan Polanco en los 69 kilogramos; Euri Cede\u00f1o en 75 kilos; Luis Manuel George en 81 kilos; y completa la parte masculina Joaqu\u00edn Berroa en los 91 kilogramos.<\/span><\/p>\n<p class=\"x_ydpe61bf06ax_ydp8b669979yiv5031570150ydpb6b821a4yiv9969082815msonormal\"><span lang=\"ES-TRAD\">En la femenina, est\u00e1n Miguelina Hern\u00e1ndez en los 51 kilos; y Mar\u00eda Moronta en 69 kilogramos.<\/span><\/p>\n<p class=\"x_ydpe61bf06ax_ydp8b669979yiv5031570150ydpb6b821a4yiv9969082815msonormal\"><span lang=\"ES-TRAD\">La comisi\u00f3n m\u00e9dica de boxeo est\u00e1 formada por Jos\u00e9 Manuel Rodr\u00edguez, y H\u00e9ctor Garc\u00eda como delegado.<\/span><\/p>\n<p class=\"x_ydpe61bf06ax_ydp8b669979yiv5031570150ydpb6b821a4yiv9969082815msonormal\"><span lang=\"ES-TRAD\">El boxeo est\u00e1 programado a disputarse desde el 27 de julio al 2 de Agosto.<\/span><\/p>\n<p class=\"x_ydpe61bf06ax_ydp8b669979yiv5031570150ydpb6b821a4yiv9969082815msonormal\"><span lang=\"ES-TRAD\">En tanto, que el Pentatl\u00f3n Moderno viaja con cuatro atletas, ellos son: Katherine Garrido, Cecilia Karina Ferm\u00edn, Gabriel Dom\u00ednguez Bid\u00f3 y Brayan Almonte.<\/span><\/p>\n<p class=\"x_ydpe61bf06ax_ydp8b669979yiv5031570150ydpb6b821a4yiv9969082815msonormal\"><span lang=\"ES-TRAD\">Adem\u00e1s, acompa\u00f1a al TeamDom de Pentatl\u00f3n Moderno Orlando Salvador como su delegado y Freddy N\u00fa\u00f1ez, el presidente de la Federaci\u00f3n.<\/span><\/p>\n<p class=\"x_ydpe61bf06ax_ydp8b669979yiv5031570150ydpb6b821a4yiv9969082815msonormal\"><span lang=\"ES-TRAD\">Esta disciplina est\u00e1 pautada desde el 25 al 30 de julio.<\/span><\/p>\n<div><\/div>\n<\/div>\n<\/div>\n<\/div>\n","protected":false},"excerpt":{"rendered":"<p>La delegaci\u00f3n est\u00e1 encabezada por Luis Mej\u00eda, presidente del Comit\u00e9 Ol\u00edmpico Dominicano, el ministro de Deportes, Danilo D\u00edaz Vizca\u00edno y Manuel Luna, director ejecutivo del programa Creando Sue\u00f1os Ol\u00edmpicos (CRESO).<\/p>\n","protected":false},"author":19,"featured_media":58564,"comment_status":"closed","ping_status":"closed","sticky":false,"template":"","format":"standard","meta":[],"categories":[2,60],"tags":[],"acf":[],"_links":{"self":[{"href":"https:\/\/colimdo.org\/wp-api\/wp\/v2\/posts\/58563"}],"collection":[{"href":"https:\/\/colimdo.org\/wp-api\/wp\/v2\/posts"}],"about":[{"href":"https:\/\/colimdo.org\/wp-api\/wp\/v2\/types\/post"}],"author":[{"embeddable":true,"href":"https:\/\/colimdo.org\/wp-api\/wp\/v2\/users\/19"}],"replies":[{"embeddable":true,"href":"https:\/\/colimdo.org\/wp-api\/wp\/v2\/comments?post=58563"}],"version-history":[{"count":1,"href":"https:\/\/colimdo.org\/wp-api\/wp\/v2\/posts\/58563\/revisions"}],"predecessor-version":[{"id":58565,"href":"https:\/\/colimdo.org\/wp-api\/wp\/v2\/posts\/58563\/revisions\/58565"}],"wp:featuredmedia":[{"embeddable":true,"href":"https:\/\/colimdo.org\/wp-api\/wp\/v2\/media\/58564"}],"wp:attachment":[{"href":"https:\/\/colimdo.org\/wp-api\/wp\/v2\/media?parent=58563"}],"wp:term":[{"taxonomy":"category","embeddable":true,"href":"https:\/\/colimdo.org\/wp-api\/wp\/v2\/categories?post=58563"},{"taxonomy":"post_tag","embeddable":true,"href":"https:\/\/colimdo.org\/wp-api\/wp\/v2\/tags?post=58563"}],"curies":[{"name":"wp","href":"https:\/\/api.w.org\/{rel}","templated":true}]}}