{"id":58574,"date":"2019-07-23T23:30:21","date_gmt":"2019-07-23T23:30:21","guid":{"rendered":"https:\/\/colimdo.org\/?p=58574"},"modified":"2019-07-23T23:30:21","modified_gmt":"2019-07-23T23:30:21","slug":"kemba-walker-estara-team-usa-mundial","status":"publish","type":"post","link":"https:\/\/colimdo.org\/noticias\/kemba-walker-estara-team-usa-mundial\/","title":{"rendered":"Kemba Walker s\u00ed estar\u00e1 con el Team USA en el Mundial"},"content":{"rendered":"<p>NBA MANIACS.-\u00a0El nuevo base de Boston confirma su participaci\u00f3n con la Selecci\u00f3n de los EE.UU.<br \/>\nAnte el aluvi\u00f3n de bajas que est\u00e1 sufriendo la Selecci\u00f3n de los Estados Unidos de cara al Mundial 2019, el nuevo jugador de Boston Celtics, Kemba Walker, ha confirmado su participaci\u00f3n en el citado torneo, informa el periodista Marc Stein de la ESPN.<\/p>\n<p>\u201cEstar\u00e9 all\u00ed seguro. Podr\u00eda importarme menos sobre quienes est\u00e1n abandonando\u201d, destac\u00f3.<\/p>\n<p>Walker ha sido el gran fichaje veraniego de Danny Ainge mediante un compromiso para las 4 pr\u00f3ximas temporadas y un total de 141 millones de d\u00f3lares. Seleccionado por los Charlotte Bobcats\/Hornets en el puesto n\u00famero 9 del Draft 2011, el a\u00f1o pasado atesor\u00f3 los mejores promedios de su carrera profesional, siendo seleccionado en el Tercer Mejor Equipo de la NBA: 25,6 puntos, 4,4 rebotes, 5,9 asistencias 1,2 robos en 34,9 minutos de juego.<\/p>\n<p>Su compa\u00f1ero Smart, ilusionado<br \/>\nA la presencia confirmada de Walker, su nuevo compa\u00f1ero Marcus Smart tambi\u00e9n estar\u00e1 presente en el campus de entrenamiento, siendo uno de los principales reemplazos del entrenador Gregg Popovich junto a Thaddeus Young, ahora en Chicago Bulls.<\/p>\n<p>Smart, a trav\u00e9s de su perfil oficial de Twitter, se ha mostrado muy ilusionado ante la llamada del combinado nacional: \u201cMe encanta jugar. No importa d\u00f3nde. Pero jugar para el Team USA ha sido algo de lo que siempre he querido formar parte. Me lo tomo muy en serio. Los Celtics son todo para m\u00ed, pero llevar los colores de USA significa much\u00edsimo para m\u00ed. Y poder hacerlo junto a mis compa\u00f1eros Kemba Walker y Jayson Tatum\u201d.<\/p>\n<p>El base de 25 a\u00f1os cosech\u00f3 en la pasada temporada regular 8,9 puntos, 4 asistencias, 2,9 rebotes y 1,8 robos en 27,5 minutos de juego.<\/p>\n","protected":false},"excerpt":{"rendered":"<p>El nuevo base de Boston confirma su participaci\u00f3n con la Selecci\u00f3n de los EE.UU.<\/p>\n","protected":false},"author":19,"featured_media":58575,"comment_status":"closed","ping_status":"closed","sticky":false,"template":"","format":"standard","meta":[],"categories":[2,60],"tags":[],"acf":[],"_links":{"self":[{"href":"https:\/\/colimdo.org\/wp-api\/wp\/v2\/posts\/58574"}],"collection":[{"href":"https:\/\/colimdo.org\/wp-api\/wp\/v2\/posts"}],"about":[{"href":"https:\/\/colimdo.org\/wp-api\/wp\/v2\/types\/post"}],"author":[{"embeddable":true,"href":"https:\/\/colimdo.org\/wp-api\/wp\/v2\/users\/19"}],"replies":[{"embeddable":true,"href":"https:\/\/colimdo.org\/wp-api\/wp\/v2\/comments?post=58574"}],"version-history":[{"count":1,"href":"https:\/\/colimdo.org\/wp-api\/wp\/v2\/posts\/58574\/revisions"}],"predecessor-version":[{"id":58576,"href":"https:\/\/colimdo.org\/wp-api\/wp\/v2\/posts\/58574\/revisions\/58576"}],"wp:featuredmedia":[{"embeddable":true,"href":"https:\/\/colimdo.org\/wp-api\/wp\/v2\/media\/58575"}],"wp:attachment":[{"href":"https:\/\/colimdo.org\/wp-api\/wp\/v2\/media?parent=58574"}],"wp:term":[{"taxonomy":"category","embeddable":true,"href":"https:\/\/colimdo.org\/wp-api\/wp\/v2\/categories?post=58574"},{"taxonomy":"post_tag","embeddable":true,"href":"https:\/\/colimdo.org\/wp-api\/wp\/v2\/tags?post=58574"}],"curies":[{"name":"wp","href":"https:\/\/api.w.org\/{rel}","templated":true}]}}