{"id":58580,"date":"2019-07-24T02:11:37","date_gmt":"2019-07-24T02:11:37","guid":{"rendered":"https:\/\/colimdo.org\/?p=58580"},"modified":"2019-07-24T02:11:48","modified_gmt":"2019-07-24T02:11:48","slug":"ejecutivos-panam-sports-comparten-una-noche-atletas-la-villa","status":"publish","type":"post","link":"https:\/\/colimdo.org\/noticias\/ejecutivos-panam-sports-comparten-una-noche-atletas-la-villa\/","title":{"rendered":"Ejecutivos Panam Sports comparten una noche con atletas en la Villa"},"content":{"rendered":"<p><strong>LI<\/strong><strong>MA, PER\u00da<\/strong><strong>.<\/strong><strong>\u00a0<\/strong>Cuando Neven Ilic fue elegido Presidente de la Organizaci\u00f3n Panamericana del Deporte en 2017, qued\u00f3 claro que la asociaci\u00f3n continental estaba preparada para comenzar una nueva era de transformaci\u00f3n.<\/p>\n<p>Ahora, a pocos d\u00edas de liderar sus primeros Juegos Panamericanos como Presidente de Panam Sports, Neven Ilic est\u00e1 demostrando que la innovaci\u00f3n requiere algo m\u00e1s que palabras; requiere acci\u00f3n.<\/p>\n<p>Despu\u00e9s de haber colocado la primera piedra ceremonial de shicra para iniciar la construcci\u00f3n de la Villa Panamericana de Lima 2019 hace menos de dos a\u00f1os, el enfoque pr\u00e1ctico del Presidente Ilic ha dado un giro completo. Anoche, acompa\u00f1ado por varios miembros del Comit\u00e9 Ejecutivo de Panam Sports, el Presidente Ilic tuvo la oportunidad de experimentar de primera mano c\u00f3mo es vivir verdaderamente la experiencia de la Villa Panamericana.<\/p>\n<p>El Comit\u00e9 Ejecutivo de Panam Sports pas\u00f3 la noche en la Villa de los Atletas en una demostraci\u00f3n de solidaridad sin precedentes con los miles de atletas que vienen a la capital peruana para competir en el evento deportivo m\u00e1s importante del continente.<\/p>\n<p>Desde la cena y el desayuno en el comedor, hasta las pruebas en el gimnasio y, por supuesto, dormir en las camas, los ejecutivos vivieron en el Village c\u00f3mo lo hacen los atletas.<\/p>\n<p>Siguiendo esta hist\u00f3rica muestra de apoyo no solo en las Am\u00e9ricas, sino tambi\u00e9n en el mundo, est\u00e1 claro que los incre\u00edbles atletas que est\u00e1n listos para competir en Lima 2019, se sentir\u00e1n como en casa en la capital peruana.<\/p>\n<p>&#8220;Estamos muy contentos de haber vivido esta experiencia. Todo mi Comit\u00e9 Ejecutivo pudo vivir la experiencia de alojarse en esta hermosa Villa Panamericana. Muchos de ellos hab\u00edan sido Jefes de Misi\u00f3n, otros por primera vez durmieron como lo har\u00e1n los m\u00e1s de 6700 deportistas&#8221;, dijo el presidente de Panam Sports, Neven Ilic.<\/p>\n<p>Por su parte el vice presidente de Panam Sports Mario Moccia, se\u00f1al\u00f3 que \u201cencuentro una excelente iniciativa de nuestro presidente Neven Ilic. Excelente nivel de comida, hemos charlado con Jefes de misi\u00f3n, deportistas. Aqu\u00ed se vive el coraz\u00f3n de los Juegos. Est\u00e1 todo muy bien salvo el clima que est\u00e1 muy frio. Pero fue una excelente experiencia, nos vamos muy contentos y esperamos con ansias el inicio de los Juegos Panamericanos que esperamos sean un \u00e9xito\u201d.<\/p>\n<p>&#8220;La noche fue excelente. Ya hab\u00eda vivido esta experiencia como Jefe de Misi\u00f3n antes. Estaba todo muy bien, la cama, las habitaciones son muy espaciosas, todo muy limpio, no sent\u00ed fr\u00edo. Como en todos los Juegos, hay algunos detalles que son f\u00e1cilmente solucionable. Estoy seguro ser\u00e1 una gran experiencia para los deportistas&#8221;, dijo Miembro del Comit\u00e9 Ejecutivo Kalam Juman-Yassin\u00a0de Guyana.<\/p>\n<p>Despu\u00e9s de la emocionante velada, el Comit\u00e9 Ejecutivo ahora est\u00e1 listo para celebrar su Asamblea General junto a los presidente y secretarios generales de los 41 pa\u00edses miembros este jueves, que contar\u00e1 adem\u00e1s con la presencia del Presidente del Comit\u00e9 Ol\u00edmpico Internacional, Thomas Bach y del Presidente de la Rep\u00fablica del Per\u00fa, Mart\u00edn Vizcarra.<\/p>\n<p>El tono se ha establecido para los Juegos Panamericanos de Lima 2019 con la llegada de atletas y el compromiso de los l\u00edderes de Panam Sports para ponerse en la piel de los mejores atletas de las Am\u00e9ricas.<\/p>\n<p>Las primeras competiciones de los Juegos comienzan ma\u00f1ana, seguidas por la ceremonia oficial de apertura de Lima 2019 en el Estadio Nacional de Per\u00fa el 26 de julio.<\/p>\n<p>El Comit\u00e9 Ejecutivo de Panam Sports ha cumplido con el lema de Lima 2019. Ahora, es hora de que los 41 pa\u00edses del Movimiento Ol\u00edmpico de Americas se unan una vez m\u00e1s por el poder del deporte, porque en Lima, Jugamos Todos!<\/p>\n","protected":false},"excerpt":{"rendered":"<p>Los miembros del Comit\u00e9 Ejecutivo de Panam Sports se lojaron durante una noche en la Villa Panamericana de Lima 2019 y compartieron con atletas y jefes de misi\u00f3n.<\/p>\n","protected":false},"author":13,"featured_media":58581,"comment_status":"closed","ping_status":"closed","sticky":false,"template":"","format":"standard","meta":[],"categories":[2,60],"tags":[],"acf":[],"_links":{"self":[{"href":"https:\/\/colimdo.org\/wp-api\/wp\/v2\/posts\/58580"}],"collection":[{"href":"https:\/\/colimdo.org\/wp-api\/wp\/v2\/posts"}],"about":[{"href":"https:\/\/colimdo.org\/wp-api\/wp\/v2\/types\/post"}],"author":[{"embeddable":true,"href":"https:\/\/colimdo.org\/wp-api\/wp\/v2\/users\/13"}],"replies":[{"embeddable":true,"href":"https:\/\/colimdo.org\/wp-api\/wp\/v2\/comments?post=58580"}],"version-history":[{"count":1,"href":"https:\/\/colimdo.org\/wp-api\/wp\/v2\/posts\/58580\/revisions"}],"predecessor-version":[{"id":58582,"href":"https:\/\/colimdo.org\/wp-api\/wp\/v2\/posts\/58580\/revisions\/58582"}],"wp:featuredmedia":[{"embeddable":true,"href":"https:\/\/colimdo.org\/wp-api\/wp\/v2\/media\/58581"}],"wp:attachment":[{"href":"https:\/\/colimdo.org\/wp-api\/wp\/v2\/media?parent=58580"}],"wp:term":[{"taxonomy":"category","embeddable":true,"href":"https:\/\/colimdo.org\/wp-api\/wp\/v2\/categories?post=58580"},{"taxonomy":"post_tag","embeddable":true,"href":"https:\/\/colimdo.org\/wp-api\/wp\/v2\/tags?post=58580"}],"curies":[{"name":"wp","href":"https:\/\/api.w.org\/{rel}","templated":true}]}}