{"id":58613,"date":"2019-07-25T01:53:16","date_gmt":"2019-07-25T01:53:16","guid":{"rendered":"https:\/\/colimdo.org\/?p=58613"},"modified":"2019-07-25T02:05:20","modified_gmt":"2019-07-25T02:05:20","slug":"delegacion-rd-queda-instalada-la-villa-izamiento-la-bandera","status":"publish","type":"post","link":"https:\/\/colimdo.org\/noticias\/delegacion-rd-queda-instalada-la-villa-izamiento-la-bandera\/","title":{"rendered":"Delegaci\u00f3n RD queda instalada en la Villa con izamiento de la Bandera"},"content":{"rendered":"<p><strong>LIMA, Per\u00fa<\/strong><strong>. <\/strong>Con la ceremonia de izamiento de la bandera, qued\u00f3 oficialmente instalada este mi\u00e9rcoles en la Villa Panamericana la delegaci\u00f3n dominicana que toma parte en los XVIII Juegos Panamericanos que se celebran en esta ciudad.<\/p>\n<p>Justo a las 2:02 de la tarde (3:02 pm hora dominicana) hizo su entrada a la explanada de la zona internacional la delegaci\u00f3n quisqueyana, encabezada por el presidente del Comit\u00e9 Ol\u00edmpico Dominicano, Luis Mej\u00eda; el ministro de Deportes, Danilo D\u00edaz; el jefe de misi\u00f3n, Garibaldy Bautista; as\u00ed como Tony Mesa y Juan Febles, directores t\u00e9cnicos del Ministerio de Deportes y el COD, respectivamente, as\u00ed como el empresario Felipe Vicini, presidente de Creso, y Manuel Luna, director ejecutivo de Creando Sue\u00f1os Ol\u00edmpicos.<\/p>\n<p>Luego del izamiento de la ense\u00f1a tricolor, el jefe de misi\u00f3n, Garibaldy Bautista, tuvo un intercambio de presentes con George Bautino, Alcalde de la Villa Panamericana.<\/p>\n<p>En el acto de izamiento de la bandera dominicana que ondear\u00e1 hasta el 11 de agosto, fecha en que concluyen los juegos, tambi\u00e9n formaron parte de la delegaci\u00f3n Jos\u00e9 Amor\u00f3s, ministro consejero de la embajada de la Rep\u00fablica Dominicana en Per\u00fa, as\u00ed como Leonel Melo, encargado de negocios y Albalibis Pimentel Fournier, consejera de la embajada.<\/p>\n<p>\u201cEstamos enviando un mensaje de unidad a Am\u00e9rica y el mundo\u201d, se\u00f1al\u00f3 Bautino, Gobernador de la Villa Panamericana, quien agreg\u00f3: \u201cHemos trabajo duro para que todos se encuentren en el mejor nivel. Que tengan el mejor rendimiento de sus vidas\u201d.<\/p>\n<p>La ceremonia concluy\u00f3 con una muestra de la historia cultural y la\u00a0 danza art\u00edstica de Per\u00fa.<\/p>\n<p><strong>Jefatura de Misi\u00f3n, optimista<\/strong><\/p>\n<p>La jefatura de Misi\u00f3n dominicana dijo estar optimista y totalmente preparada para asumir el reto de representar al pa\u00eds en los Juegos Panamericanos de Lima.<\/p>\n<p>Luego de concluida la ceremonia de izamiento de la bandera en la Villa Panamericana, se pas\u00f3 revista con las diferentes comisiones de trabajo en el sal\u00f3n de reuniones.<\/p>\n<p>El jefe de misi\u00f3n, Garibaldy Bautista, se\u00f1al\u00f3 que la representaci\u00f3n quisqueyana ha estado de manera confortable y que las instalaciones y las distintas \u00e1reas han funcionado adecuadamente.<\/p>\n<p>Mientras, el ministro de Deportes, Danilo D\u00edaz, hizo un llamado a tener conciencia no como persona, sino como pa\u00eds, para que las cosas marchen\u00a0 satisfactoriamente.<\/p>\n<p>\u201cHay una gran expectativa con la delegaci\u00f3n en estos juegos y estar\u00e1n muy atentos a los resultados. Ha sido un esfuerzo grande de unidad, trabajo y dedicaci\u00f3n\u201d, agreg\u00f3 D\u00edaz.<\/p>\n<p>Para este jueves a las 9:00 de la ma\u00f1ana, el presidente y secretario general del COD, Luis Mej\u00eda Oviedo y Gilberto Garc\u00eda, participar\u00e1n de la asamblea de la Panam Sports, y a las 11:30 de la ma\u00f1ana (12:30 del mediod\u00eda hora dominicana), el Grupo Creso ofrecer\u00e1 una recepci\u00f3n a los miembros de la delegaci\u00f3n.<\/p>\n","protected":false},"excerpt":{"rendered":"<p>La jefatura de Misi\u00f3n dominicana dijo estar optimista y totalmente preparada para asumir el reto de representar al pa\u00eds en la cita multideportiva.<\/p>\n","protected":false},"author":13,"featured_media":58614,"comment_status":"closed","ping_status":"closed","sticky":false,"template":"","format":"standard","meta":[],"categories":[2,60],"tags":[],"acf":[],"_links":{"self":[{"href":"https:\/\/colimdo.org\/wp-api\/wp\/v2\/posts\/58613"}],"collection":[{"href":"https:\/\/colimdo.org\/wp-api\/wp\/v2\/posts"}],"about":[{"href":"https:\/\/colimdo.org\/wp-api\/wp\/v2\/types\/post"}],"author":[{"embeddable":true,"href":"https:\/\/colimdo.org\/wp-api\/wp\/v2\/users\/13"}],"replies":[{"embeddable":true,"href":"https:\/\/colimdo.org\/wp-api\/wp\/v2\/comments?post=58613"}],"version-history":[{"count":2,"href":"https:\/\/colimdo.org\/wp-api\/wp\/v2\/posts\/58613\/revisions"}],"predecessor-version":[{"id":58621,"href":"https:\/\/colimdo.org\/wp-api\/wp\/v2\/posts\/58613\/revisions\/58621"}],"wp:featuredmedia":[{"embeddable":true,"href":"https:\/\/colimdo.org\/wp-api\/wp\/v2\/media\/58614"}],"wp:attachment":[{"href":"https:\/\/colimdo.org\/wp-api\/wp\/v2\/media?parent=58613"}],"wp:term":[{"taxonomy":"category","embeddable":true,"href":"https:\/\/colimdo.org\/wp-api\/wp\/v2\/categories?post=58613"},{"taxonomy":"post_tag","embeddable":true,"href":"https:\/\/colimdo.org\/wp-api\/wp\/v2\/tags?post=58613"}],"curies":[{"name":"wp","href":"https:\/\/api.w.org\/{rel}","templated":true}]}}