{"id":58622,"date":"2019-07-25T01:49:13","date_gmt":"2019-07-25T01:49:13","guid":{"rendered":"https:\/\/colimdo.org\/?p=58622"},"modified":"2019-07-25T01:49:13","modified_gmt":"2019-07-25T01:49:13","slug":"gary-sanchez-la-lista-lesionados-los-yankees","status":"publish","type":"post","link":"https:\/\/colimdo.org\/noticias\/gary-sanchez-la-lista-lesionados-los-yankees\/","title":{"rendered":"Gary S\u00e1nchez a la lista de lesionados de los Yankees"},"content":{"rendered":"<p>DIARIO LIBRE.- El c\u00e1tcher de los Yanquis de Nueva York Gary S\u00e1nchez fue colocado el mi\u00e9rcoles en la lista de lesionados por segunda vez en la campa\u00f1a, un d\u00eda despu\u00e9s de sufrir una distensi\u00f3n en la ingle.<\/p>\n<p>S\u00e1nchez se lesion\u00f3 cuando pis\u00f3 la primera base tras batear una rola en el octavo inning de un partido de los Yanquis contra los Mellizos de Minnesota el martes por la noche. Fue remplazado por Austin Romine.<\/p>\n<p>S\u00e1nchez estuvo tambi\u00e9n fuera de acci\u00f3n del 10 al 24 de abril por un esguince en la pierna izquierda. La campa\u00f1a pasada sufri\u00f3 una distensi\u00f3n en la ingle que le envi\u00f3 a la lista de lesionados del 25 de junio al 19 de julio y del 24 de julio al 1 de septiembre.<\/p>\n<p>\u201cLo sent\u00ed tras pisar la primera base\u201d, dijo S\u00e1nchez. Sent\u00ed como un calambre. No es nada como lo que ten\u00eda el a\u00f1o pasado. El dolor es completamente diferente\u201d.<\/p>\n<p>Dijo que se iba a someter a un examen con resonancia magn\u00e9tica el mi\u00e9rcoles.<\/p>\n<p>El receptor de 26 a\u00f1os, que esta campa\u00f1a fue elegido para el Juego de Estrellas por segunda vez en su carrera, est\u00e1 bateando .229, con 24 jonrones y 58 empujadas. Estaba bateando .274 hasta el 21 de junio, pero est\u00e1 de 85-10 (.118) desde entonces, con apenas un jonr\u00f3n y seis empujadas.<\/p>\n<p>Nueva York adem\u00e1s envi\u00f3 al derecho Jonathan Holder al Scranton\/Wilkes-Barre de Tripole A y subi\u00f3 al c\u00e1tcher Kyle Higashioka y el zurdo cubano Nestor Cort\u00e9s Jr.<\/p>\n<p>&nbsp;<\/p>\n","protected":false},"excerpt":{"rendered":"<p>El c\u00e1tcher de los Yanquis de Nueva York Gary S\u00e1nchez fue colocado el mi\u00e9rcoles en la lista de lesionados por segunda vez en la campa\u00f1a, un d\u00eda despu\u00e9s de sufrir una distensi\u00f3n en la ingle.<\/p>\n","protected":false},"author":19,"featured_media":58623,"comment_status":"closed","ping_status":"closed","sticky":false,"template":"","format":"standard","meta":[],"categories":[2,60],"tags":[],"acf":[],"_links":{"self":[{"href":"https:\/\/colimdo.org\/wp-api\/wp\/v2\/posts\/58622"}],"collection":[{"href":"https:\/\/colimdo.org\/wp-api\/wp\/v2\/posts"}],"about":[{"href":"https:\/\/colimdo.org\/wp-api\/wp\/v2\/types\/post"}],"author":[{"embeddable":true,"href":"https:\/\/colimdo.org\/wp-api\/wp\/v2\/users\/19"}],"replies":[{"embeddable":true,"href":"https:\/\/colimdo.org\/wp-api\/wp\/v2\/comments?post=58622"}],"version-history":[{"count":1,"href":"https:\/\/colimdo.org\/wp-api\/wp\/v2\/posts\/58622\/revisions"}],"predecessor-version":[{"id":58624,"href":"https:\/\/colimdo.org\/wp-api\/wp\/v2\/posts\/58622\/revisions\/58624"}],"wp:featuredmedia":[{"embeddable":true,"href":"https:\/\/colimdo.org\/wp-api\/wp\/v2\/media\/58623"}],"wp:attachment":[{"href":"https:\/\/colimdo.org\/wp-api\/wp\/v2\/media?parent=58622"}],"wp:term":[{"taxonomy":"category","embeddable":true,"href":"https:\/\/colimdo.org\/wp-api\/wp\/v2\/categories?post=58622"},{"taxonomy":"post_tag","embeddable":true,"href":"https:\/\/colimdo.org\/wp-api\/wp\/v2\/tags?post=58622"}],"curies":[{"name":"wp","href":"https:\/\/api.w.org\/{rel}","templated":true}]}}