{"id":58647,"date":"2019-07-25T22:19:18","date_gmt":"2019-07-25T22:19:18","guid":{"rendered":"https:\/\/colimdo.org\/?p=58647"},"modified":"2019-07-25T22:20:54","modified_gmt":"2019-07-25T22:20:54","slug":"entrenador-che-garcia-elige-los-12-jugadores-iran-los-panam","status":"publish","type":"post","link":"https:\/\/colimdo.org\/noticias\/entrenador-che-garcia-elige-los-12-jugadores-iran-los-panam\/","title":{"rendered":"Entrenador \u201cChe\u201d Garc\u00eda elige los 12 jugadores ir\u00e1n a los Panam"},"content":{"rendered":"<p><strong>SANTO DOMINGO.<\/strong>&#8211;\u00a0La Rep\u00fablica Dominicana ya sabe exactamente con que contar\u00e1 para el baloncesto de los Juegos Panamericanos de Lima 2019, cuyo torneo se realizar\u00e1 del 31 de julio al 4 de agosto.<\/p>\n<p>El dirigente N\u00e9stor \u201cChe\u201d Garc\u00eda inform\u00f3 que a Per\u00fa viajar\u00e1n los armadores Adris De Le\u00f3n, Brandone Francis y Gelvis Solano, junto a los tiradores Dagoberto Pe\u00f1a, Marques Townes y L.J. Figueroa.<\/p>\n<p>Tambi\u00e9n los aleros peque\u00f1os Juan Miguel Suero, Luis David Montero y Sadiel Rojas, en tanto que para las posiciones cuatro y cinco los quisqueyanos depender\u00e1n de Brayan Mart\u00ednez, Eloy Vargas y Luis Santos.<\/p>\n<p>\u201cHa sido muy dif\u00edcil elegir a los doce porque ha habido mucha paridad. Sin ser la situaci\u00f3n ideal porque hubo jugadores jugando finales, fuimos armando de a poco este grupo\u201d, indic\u00f3 Garc\u00eda al dar a conocer el conjunto.<\/p>\n<p>\u201cEs muy dif\u00edcil ganar una medalla para todo el mundo, pero si de algo estoy seguro es de que estos doce van a ser perros de presa que van a defender la bandera de pa\u00eds a muerte. De eso estoy segur\u00edsimo\u201d, sigui\u00f3 diciendo.<\/p>\n<p>Garc\u00eda apunt\u00f3 que para todos ser\u00e1 un orgullo estar en los Panamericanos y que todo el grupo sabe que tendr\u00e1 a todo el pa\u00eds detr\u00e1s de ellos.<\/p>\n<p>\u201cVamos a dar todo el esfuerzo, la actitud y entrega, nuestra educaci\u00f3n, todo. Queremos ser un orgullo nacional\u201d, agreg\u00f3.<\/p>\n<p><strong>Uribe optimista<\/strong><\/p>\n<p>\u201cEste es un buen grupo con jugadores veteranos y j\u00f3venes que representan el relevo, por lo que entendemos que vamos a dar muchos resultados positivos para el pa\u00eds\u201d, manifest\u00f3 Rafael Uribe, presidente de la Federaci\u00f3n Dominicana de Baloncesto (FEDOMBAL).<\/p>\n<p>\u201cVamos a hacer todo el esfuerzo para estar en el podio. Conf\u00edo en este grupo de jugadores y en todo el cuerpo t\u00e9cnico\u201d, a\u00f1adi\u00f3.<\/p>\n<p><strong>Itinerario de Lima 2019<\/strong><\/p>\n<p>Durante la ronda preliminar, Rep\u00fablica Dominicana jugara el 31 de julio contra M\u00e9xico (8:00 pm), el 1 de agosto ante Argentina (2:30 pm) y el 2 de agosto frente a Uruguay (11:30 am). El 3 de agosto se jugar\u00e1n las semifinales y el d\u00eda 4 los encuentros por medallas. El torneo se desarrollar\u00e1 en el Coliseo Eduardo Dib\u00f3s, en Lima, Per\u00fa.<\/p>\n","protected":false},"excerpt":{"rendered":"<p>El presidente de la Federaci\u00f3n Dominicana de Baloncesto, Rafael Uribe, conf\u00eda en que la selecci\u00f3n de mayores har\u00e1 el trabajo en la cita multideportiva.<\/p>\n","protected":false},"author":13,"featured_media":58648,"comment_status":"closed","ping_status":"closed","sticky":false,"template":"","format":"standard","meta":[],"categories":[2,60],"tags":[],"acf":[],"_links":{"self":[{"href":"https:\/\/colimdo.org\/wp-api\/wp\/v2\/posts\/58647"}],"collection":[{"href":"https:\/\/colimdo.org\/wp-api\/wp\/v2\/posts"}],"about":[{"href":"https:\/\/colimdo.org\/wp-api\/wp\/v2\/types\/post"}],"author":[{"embeddable":true,"href":"https:\/\/colimdo.org\/wp-api\/wp\/v2\/users\/13"}],"replies":[{"embeddable":true,"href":"https:\/\/colimdo.org\/wp-api\/wp\/v2\/comments?post=58647"}],"version-history":[{"count":1,"href":"https:\/\/colimdo.org\/wp-api\/wp\/v2\/posts\/58647\/revisions"}],"predecessor-version":[{"id":58649,"href":"https:\/\/colimdo.org\/wp-api\/wp\/v2\/posts\/58647\/revisions\/58649"}],"wp:featuredmedia":[{"embeddable":true,"href":"https:\/\/colimdo.org\/wp-api\/wp\/v2\/media\/58648"}],"wp:attachment":[{"href":"https:\/\/colimdo.org\/wp-api\/wp\/v2\/media?parent=58647"}],"wp:term":[{"taxonomy":"category","embeddable":true,"href":"https:\/\/colimdo.org\/wp-api\/wp\/v2\/categories?post=58647"},{"taxonomy":"post_tag","embeddable":true,"href":"https:\/\/colimdo.org\/wp-api\/wp\/v2\/tags?post=58647"}],"curies":[{"name":"wp","href":"https:\/\/api.w.org\/{rel}","templated":true}]}}