{"id":58663,"date":"2019-07-25T22:07:33","date_gmt":"2019-07-25T22:07:33","guid":{"rendered":"https:\/\/colimdo.org\/?p=58663"},"modified":"2019-07-26T03:30:18","modified_gmt":"2019-07-26T03:30:18","slug":"wendy-cruz-gana-primera-etapa-tour-ciclistico-del-cibao","status":"publish","type":"post","link":"https:\/\/colimdo.org\/noticias\/wendy-cruz-gana-primera-etapa-tour-ciclistico-del-cibao\/","title":{"rendered":"Wendy Cruz gana primera etapa Tour Cicl\u00edstico del Cibao"},"content":{"rendered":"<p>EL NUEVO DIARIO, LA VEGA.- El veterano pedalista Wendy Cruz se alz\u00f3 con la primera etapa del Tour Cicl\u00edstico del Cibao, al recorrer una distancia de 80 kil\u00f3metros de la ruta comprendida La Vega-Bonao-La Vega en la categor\u00eda Elite.<\/p>\n<p>Cruz, del equipo Morteros, cruz\u00f3 la meta de llegada con un tiempo de una hora, 53 minutos y 43 segundos.<\/p>\n<p>\u201cFue una etapa r\u00e1pida y bien din\u00e1mica en donde hubo varias escapadas de las que me aprovech\u00e9 en varias de ellas\u201d, dijo Cruz, ganador de la medalla de oro en los Juegos Panamericanos de R\u00edo de Janeiro, Brasil, en 2007.<\/p>\n<p>\u201cPara la segunda etapa habr\u00e1n muchas expectativas por lo que no perderemos tiempo en ganarla\u201d, agreg\u00f3.<\/p>\n<p>El segundo lugar fue para Marcos Capell\u00e1n, de La Romana, mientras que el tercer puesto fue para el pedalista de ACT, Rafael Mer\u00e1n. Ambos ciclistas realizaron el mismo tiempo de Cruz.<\/p>\n<p>En la categor\u00eda M\u00e1ster el primer lugar fue para Edwin Fern\u00e1ndez, del equipo, en tanto que el segundo y tercer puesto correspondieron para V\u00edctor Santana, de Telecable Central, y Edgar Pimentel (libre).<\/p>\n<p>En la Juvenil, la distinci\u00f3n principal fue para Christopher Paulino, de Inteja, seguido de Isa\u00edas Ram\u00edrez, de San Crist\u00f3bal, y Jos\u00e9 Miguel Paulino, de La Vega.<\/p>\n<p>La segunda etapa, del Tour Cicl\u00edstico del Cibao tendr\u00e1 la ruta La Vega-San Francisco de Macor\u00eds-La Vega. Saldr\u00e1 desde el parque Las Palmas a partir de las dos de la tarde.<\/p>\n<p>Acto inaugural<\/p>\n<p>Previo a la primera etapa, se realiz\u00f3 un ceremonia, que cont\u00f3 con la presencia de diferentes personalidades, encabezados por Mario de Jes\u00fas, director general de la justa; Jorge Blas D\u00edaz, presidente de la federaci\u00f3n Dominicana de Ciclismo (Fedoci) e Icelsa Garc\u00eda, esposa de Medrano Cosme, as\u00ed como S\u00e1nchez, quienes tuvieron palabras para los presentes.<\/p>\n<p>La invocaci\u00f3n religiosa estuvo a cargo del padre Sergio de la Cruz, mientras que el juramento deportivo por parte del pedalista vegano Ismael S\u00e1nchez.<\/p>\n","protected":false},"excerpt":{"rendered":"<p>El veterano pedalista Wendy Cruz se alz\u00f3 con la primera etapa del Tour Cicl\u00edstico del Cibao, al recorrer una distancia de 80 kil\u00f3metros de la ruta comprendida La Vega-Bonao-La Vega en la categor\u00eda Elite.<\/p>\n","protected":false},"author":19,"featured_media":58664,"comment_status":"closed","ping_status":"closed","sticky":false,"template":"","format":"standard","meta":[],"categories":[2,60],"tags":[],"acf":[],"_links":{"self":[{"href":"https:\/\/colimdo.org\/wp-api\/wp\/v2\/posts\/58663"}],"collection":[{"href":"https:\/\/colimdo.org\/wp-api\/wp\/v2\/posts"}],"about":[{"href":"https:\/\/colimdo.org\/wp-api\/wp\/v2\/types\/post"}],"author":[{"embeddable":true,"href":"https:\/\/colimdo.org\/wp-api\/wp\/v2\/users\/19"}],"replies":[{"embeddable":true,"href":"https:\/\/colimdo.org\/wp-api\/wp\/v2\/comments?post=58663"}],"version-history":[{"count":1,"href":"https:\/\/colimdo.org\/wp-api\/wp\/v2\/posts\/58663\/revisions"}],"predecessor-version":[{"id":58665,"href":"https:\/\/colimdo.org\/wp-api\/wp\/v2\/posts\/58663\/revisions\/58665"}],"wp:featuredmedia":[{"embeddable":true,"href":"https:\/\/colimdo.org\/wp-api\/wp\/v2\/media\/58664"}],"wp:attachment":[{"href":"https:\/\/colimdo.org\/wp-api\/wp\/v2\/media?parent=58663"}],"wp:term":[{"taxonomy":"category","embeddable":true,"href":"https:\/\/colimdo.org\/wp-api\/wp\/v2\/categories?post=58663"},{"taxonomy":"post_tag","embeddable":true,"href":"https:\/\/colimdo.org\/wp-api\/wp\/v2\/tags?post=58663"}],"curies":[{"name":"wp","href":"https:\/\/api.w.org\/{rel}","templated":true}]}}