{"id":58674,"date":"2019-07-25T22:08:11","date_gmt":"2019-07-25T22:08:11","guid":{"rendered":"https:\/\/colimdo.org\/?p=58674"},"modified":"2019-07-26T03:50:56","modified_gmt":"2019-07-26T03:50:56","slug":"marc-gasol-la-ambicion-la-seleccion-siempre-la-mas-alta","status":"publish","type":"post","link":"https:\/\/colimdo.org\/noticias\/marc-gasol-la-ambicion-la-seleccion-siempre-la-mas-alta\/","title":{"rendered":"Marc Gasol: &#8220;La ambici\u00f3n de la selecci\u00f3n es siempre la m\u00e1s alta&#8221;"},"content":{"rendered":"<p>Madrid, 25 jul (EFE).- Marc Gasol, p\u00edvot de la selecci\u00f3n espa\u00f1ola, asegur\u00f3 este jueves que \u00e9sta afronta el Mundial de China 2019 con una ambici\u00f3n que es &#8220;siempre la m\u00e1s alta&#8221;, aunque esperan un campeonato &#8220;muy igualado&#8221; con unos ocho equipos que busquen la victoria.<\/p>\n<p>&#8220;La ambici\u00f3n es siempre la m\u00e1s alta, es nuestro h\u00e1bito y la forma de trabajar que tenemos, la ambici\u00f3n es m\u00e1xima, somos conscientes de que es un Mundial muy igualado, habr\u00e1 un bloque de ocho equipos luchando por el mismo objetivo. Y hay que llegar bien, f\u00edsicamente, conjuntados como grupo y como siempre ir creciendo durante el campeonato&#8221;, dijo Marc antes de la Gala del Baloncesto Espa\u00f1ol.<\/p>\n<p>Marc record\u00f3 que a todos los jugadores de la selecci\u00f3n tienen un compromiso, tanto por que les &#8220;encanta&#8221; como por el &#8220;gen competitivo&#8221; que es &#8220;una herencia de la generaci\u00f3n del 80&#8221; y que est\u00e1 &#8220;instaurado que es el ADN de esta familia&#8221; que constituye la selecci\u00f3n. &#8220;No sabemos otra cosa que jugar para ganar&#8221;, a\u00f1adi\u00f3.<\/p>\n<p>El p\u00edvot de los Toronto Raptors fue premiado en esta primera gala organizada por la Federaci\u00f3n Espa\u00f1ola de Baloncesto (FEB) como el mejor jugador nacional en competici\u00f3n internacional, tras haber ganado el campeonato de la NBA.<\/p>\n<p>&#8220;Estoy content\u00edsimo, no he dejado de sonre\u00edr en 22 d\u00edas que llevamos despu\u00e9s del trofeo, o alguno m\u00e1s. Me siento muy afortunado, por todo lo que ha pasado, no s\u00f3lo por este a\u00f1o, sino en general; y muy feliz&#8221;, manifest\u00f3.<\/p>\n<p>Marc explic\u00f3 que antes de lograr el &#8216;anillo&#8217; de la NBA no era consciente &#8220;de lo dif\u00edcil que era&#8221;, ya que durante las eliminatorias fue &#8220;minimizando los retos para hacerlos m\u00e1s f\u00e1ciles&#8221;.<\/p>\n<p>&#8220;Pero cuando ves la final, c\u00f3mo va cada partido, y la reacci\u00f3n que tienes t\u00fa mismo, una vez lo ganas te llena de una manera diferente. Habiendo tenido la suerte de haber ganado medallas de oro, un anillo de la NBA es diferente&#8221;, reconoci\u00f3.<\/p>\n<p>Preguntado por el fichaje de su hermano Pau por los Portland Trail Blazers, conocido este mismo jueves, le dese\u00f3 &#8220;que recupere bien&#8221; de los problemas f\u00edsicos que le impiden estar en el Mundial 2019 para disfrutar en su nuevo equipo.<\/p>\n<p>&#8220;Que est\u00e9 al cien por cien, que pueda ser el jugador que \u00e9l es, que haga lo que quiere hacer y como lo quiera hacer&#8221;, opin\u00f3 Marc Gasol.<\/p>\n<p>En esta Gala del Baloncesto Espa\u00f1ol recoger\u00e1n un premio varios de los representantes de la &#8216;Generaci\u00f3n de Oro&#8217; del baloncesto espa\u00f1ol, la generaci\u00f3n de 1980, de cuyo \u00e9xito en el Mundial Junior de Portugal 1999 se cumplen este mismo jueves dos d\u00e9cadas.<\/p>\n<p>&#8220;Yo tuve la suerte de estar en Lisboa -record\u00f3 Marc, que acudi\u00f3 a ver a su hermano Pau-, vi la semifinal contra Argentina que fue realmente dif\u00edcil y emocionante, la final fue m\u00e1s para disfrutar, un poco como en Jap\u00f3n 2006&#8221;, rememor\u00f3 el interior, campe\u00f3n del mundo absoluto en 2006.<\/p>\n","protected":false},"excerpt":{"rendered":"<p>Marc Gasol, p\u00edvot de la selecci\u00f3n espa\u00f1ola, asegur\u00f3 este jueves que \u00e9sta afronta el Mundial de China 2019 con una ambici\u00f3n que es &#8220;siempre la m\u00e1s alta&#8221;, aunque esperan un campeonato &#8220;muy igualado&#8221; con unos ocho equipos que busquen la victoria.<\/p>\n","protected":false},"author":19,"featured_media":58675,"comment_status":"closed","ping_status":"closed","sticky":false,"template":"","format":"standard","meta":[],"categories":[2,60],"tags":[],"acf":[],"_links":{"self":[{"href":"https:\/\/colimdo.org\/wp-api\/wp\/v2\/posts\/58674"}],"collection":[{"href":"https:\/\/colimdo.org\/wp-api\/wp\/v2\/posts"}],"about":[{"href":"https:\/\/colimdo.org\/wp-api\/wp\/v2\/types\/post"}],"author":[{"embeddable":true,"href":"https:\/\/colimdo.org\/wp-api\/wp\/v2\/users\/19"}],"replies":[{"embeddable":true,"href":"https:\/\/colimdo.org\/wp-api\/wp\/v2\/comments?post=58674"}],"version-history":[{"count":1,"href":"https:\/\/colimdo.org\/wp-api\/wp\/v2\/posts\/58674\/revisions"}],"predecessor-version":[{"id":58676,"href":"https:\/\/colimdo.org\/wp-api\/wp\/v2\/posts\/58674\/revisions\/58676"}],"wp:featuredmedia":[{"embeddable":true,"href":"https:\/\/colimdo.org\/wp-api\/wp\/v2\/media\/58675"}],"wp:attachment":[{"href":"https:\/\/colimdo.org\/wp-api\/wp\/v2\/media?parent=58674"}],"wp:term":[{"taxonomy":"category","embeddable":true,"href":"https:\/\/colimdo.org\/wp-api\/wp\/v2\/categories?post=58674"},{"taxonomy":"post_tag","embeddable":true,"href":"https:\/\/colimdo.org\/wp-api\/wp\/v2\/tags?post=58674"}],"curies":[{"name":"wp","href":"https:\/\/api.w.org\/{rel}","templated":true}]}}