{"id":58695,"date":"2019-07-26T02:06:33","date_gmt":"2019-07-26T02:06:33","guid":{"rendered":"https:\/\/colimdo.org\/?p=58695"},"modified":"2019-07-27T02:19:10","modified_gmt":"2019-07-27T02:19:10","slug":"ligas-clubes-inicia-finales-regionales-beisbol","status":"publish","type":"post","link":"https:\/\/colimdo.org\/noticias\/ligas-clubes-inicia-finales-regionales-beisbol\/","title":{"rendered":"Ligas y Clubes inicia finales regionales de b\u00e9isbol"},"content":{"rendered":"<p>EL NUEVO DIARIO, SANTO DOMINGO.-Los representativos de las zonas Norte y Sur consiguieron triunfos en la apertura de la gran final de Campeones Regionales, correspondiente al Torneo Nacional de B\u00e9isbol Menor, categor\u00eda infantil de 11 a 13 a\u00f1os de edad, que organiza la Asociaci\u00f3n Nacional de Ligas y Clubes (ASONALICLU) en el Centro Ol\u00edmpico Juan Pablo Duarte.<\/p>\n<p>El equipo representativo de Puerto Plata, de la Regi\u00f3n Norte, se impuso con pizarra de 11-7 a la Provincia Santo Domingo, mientras el Sur derrot\u00f3 8-7 al Distrito Nacional.<\/p>\n<p>Previo a los encuentros se celebr\u00f3 una ceremonia en la que Orlando Genao, secretario general de Asonaliclu, pronunci\u00f3 las palabras de bienvenida, resaltando el esfuerzo de los directivos para realizar el evento.<\/p>\n<p>Acto seguido se procedi\u00f3 a entregar la placa de la dedicatoria in memoriam a los descendientes Eloy Rodr\u00edguez, sus nietos Felipe y Eloy, quienes mostraron su regocijo al recordar que su padre fue un abanderado del deporte y de los ni\u00f1os.<\/p>\n<p>\u201cPara nosotros es una satisfacci\u00f3n estar aqu\u00ed compartiendo con todos estos ni\u00f1os y recibir esta placa en memoria de nuestro padre, para quien el deporte lo era todo\u201d, exclam\u00f3 Felipe Rodr\u00edguez.<\/p>\n<p>Asonaliclu reconoci\u00f3 tambi\u00e9n con una placa la labor social y deportiva de la diputada y aspirante a la alcald\u00eda de Santo Domingo Este, Karen Ricardo, quien exhort\u00f3 a los ni\u00f1os a hacer deportes y a estudiar para que sean grandes ciudadanos en el ma\u00f1ana.<\/p>\n<p>Las palabras centrales estuvieron a cargo del profesor Juan Valdez, presidente de la entidad, quien dijo que a pesar de los obst\u00e1culos pudieron organizar un buen torneo.<\/p>\n<p>En el acto estuvieron presentes adem\u00e1s los coroneles Kalil Hach\u00e9 y Jos\u00e9 Luis N\u00fa\u00f1ez.<\/p>\n","protected":false},"excerpt":{"rendered":"<p>El equipo representativo de Puerto Plata, de la Regi\u00f3n Norte, se impuso con pizarra de 11-7 a la Provincia Santo Domingo, mientras el Sur derrot\u00f3 8-7 al Distrito Nacional.<\/p>\n","protected":false},"author":19,"featured_media":58696,"comment_status":"closed","ping_status":"closed","sticky":false,"template":"","format":"standard","meta":[],"categories":[2,60],"tags":[],"acf":[],"_links":{"self":[{"href":"https:\/\/colimdo.org\/wp-api\/wp\/v2\/posts\/58695"}],"collection":[{"href":"https:\/\/colimdo.org\/wp-api\/wp\/v2\/posts"}],"about":[{"href":"https:\/\/colimdo.org\/wp-api\/wp\/v2\/types\/post"}],"author":[{"embeddable":true,"href":"https:\/\/colimdo.org\/wp-api\/wp\/v2\/users\/19"}],"replies":[{"embeddable":true,"href":"https:\/\/colimdo.org\/wp-api\/wp\/v2\/comments?post=58695"}],"version-history":[{"count":1,"href":"https:\/\/colimdo.org\/wp-api\/wp\/v2\/posts\/58695\/revisions"}],"predecessor-version":[{"id":58697,"href":"https:\/\/colimdo.org\/wp-api\/wp\/v2\/posts\/58695\/revisions\/58697"}],"wp:featuredmedia":[{"embeddable":true,"href":"https:\/\/colimdo.org\/wp-api\/wp\/v2\/media\/58696"}],"wp:attachment":[{"href":"https:\/\/colimdo.org\/wp-api\/wp\/v2\/media?parent=58695"}],"wp:term":[{"taxonomy":"category","embeddable":true,"href":"https:\/\/colimdo.org\/wp-api\/wp\/v2\/categories?post=58695"},{"taxonomy":"post_tag","embeddable":true,"href":"https:\/\/colimdo.org\/wp-api\/wp\/v2\/tags?post=58695"}],"curies":[{"name":"wp","href":"https:\/\/api.w.org\/{rel}","templated":true}]}}