{"id":58698,"date":"2019-07-26T02:06:08","date_gmt":"2019-07-26T02:06:08","guid":{"rendered":"https:\/\/colimdo.org\/?p=58698"},"modified":"2019-07-27T02:23:16","modified_gmt":"2019-07-27T02:23:16","slug":"sanchez-se-llevo-la-segunda-etapa-del-tour-ciclistico-del-cibao","status":"publish","type":"post","link":"https:\/\/colimdo.org\/noticias\/sanchez-se-llevo-la-segunda-etapa-del-tour-ciclistico-del-cibao\/","title":{"rendered":"S\u00e1nchez se llev\u00f3 la segunda etapa del Tour Cicl\u00edstico del Cibao"},"content":{"rendered":"<p>EL NUEVO DIARIO, LA VEGA.- El veterano pedalista Ismael S\u00e1nchez se alz\u00f3 con la segunda etapa del Tour Cicl\u00edstico del Cibao, al recorrer una distancia de 83 kil\u00f3metros de la ruta La Vega-San Francisco de Macor\u00eds-La Vega, correspondiente a la categor\u00eda Elite.<\/p>\n<p>S\u00e1nchez, del equipo ACT, cruz\u00f3 la meta de llegada con un tiempo de una hora, 51 minutos y dos segundos.<\/p>\n<p>\u201cFue una etapa bastante dura, en especial el tramo El Pino-San Francisco de Macor\u00eds debido a que el viento estaba bastante fuerte y hab\u00eda que manejar muy bien la cadencia para mantener la fuerza hasta el final\u201d, dijo S\u00e1nchez.<\/p>\n<p>El pedalista vegano se mostr\u00f3 contento debido a que pudo cruzar la meta sin complicaciones, contrario a la primera etapa de la justa, donde concluy\u00f3 en el puesto 16 tras confrontar problemas de salud.<\/p>\n<p>\u201cEsa primera etapa no fue muy buena para m\u00ed. Gracias a Dios que tuvimos un buen descanso, llegamos con la mente m\u00e1s fr\u00eda y los planes se dieron de la manera en como las trazamos\u201d, apunt\u00f3 el ciclista.<\/p>\n<p>La tercera etapa de la justa comprender\u00e1 el recorrido La Vega-Moca-Santiago-Jarabacoa. El punto de partida ser\u00e1 a las 2:30 de la tarde desde el Parque \u201cLas Palmas\u201d de La Vega y concluir\u00e1n en las inmediaciones del parque central de Jarabacoa.<\/p>\n<p>El segundo lugar correspondi\u00f3 para el tambi\u00e9n vegano Robinson Paulino, del equipo Telecable Central, quien hizo el mismo tiempo que S\u00e1nchez. En tanto que el tercer puesto recay\u00f3 en el juvenil Jes\u00fas Marte, con un cron\u00f3metro de una hora, 52 minutos y 43 segundos.<\/p>\n<p>En la categor\u00eda M\u00e1ster, el primer lugar fue para Edwin Fern\u00e1ndez, del equipo HCT Pu\u00f1al, en tanto que el segundo y tercer lugar la obtuvieron los pedalistas Deivi Capell\u00e1n y Edgar Pimentel, de los equipos Mauricio B\u00e1ez y libre, respectivamente.<\/p>\n<p>En la Juvenil, Jes\u00fas Marte, del combinado Team Caribe A, cruz\u00f3 la meta de primero, seguido de H\u00e9ctor de los Santos (Inteja DCT) y Arielis Ram\u00edrez (ACT).<\/p>\n","protected":false},"excerpt":{"rendered":"<p>S\u00e1nchez, del equipo ACT, cruz\u00f3 la meta de llegada con un tiempo de una hora, 51 minutos y dos segundos.<\/p>\n","protected":false},"author":19,"featured_media":58699,"comment_status":"closed","ping_status":"closed","sticky":false,"template":"","format":"standard","meta":[],"categories":[2,60],"tags":[],"acf":[],"_links":{"self":[{"href":"https:\/\/colimdo.org\/wp-api\/wp\/v2\/posts\/58698"}],"collection":[{"href":"https:\/\/colimdo.org\/wp-api\/wp\/v2\/posts"}],"about":[{"href":"https:\/\/colimdo.org\/wp-api\/wp\/v2\/types\/post"}],"author":[{"embeddable":true,"href":"https:\/\/colimdo.org\/wp-api\/wp\/v2\/users\/19"}],"replies":[{"embeddable":true,"href":"https:\/\/colimdo.org\/wp-api\/wp\/v2\/comments?post=58698"}],"version-history":[{"count":1,"href":"https:\/\/colimdo.org\/wp-api\/wp\/v2\/posts\/58698\/revisions"}],"predecessor-version":[{"id":58700,"href":"https:\/\/colimdo.org\/wp-api\/wp\/v2\/posts\/58698\/revisions\/58700"}],"wp:featuredmedia":[{"embeddable":true,"href":"https:\/\/colimdo.org\/wp-api\/wp\/v2\/media\/58699"}],"wp:attachment":[{"href":"https:\/\/colimdo.org\/wp-api\/wp\/v2\/media?parent=58698"}],"wp:term":[{"taxonomy":"category","embeddable":true,"href":"https:\/\/colimdo.org\/wp-api\/wp\/v2\/categories?post=58698"},{"taxonomy":"post_tag","embeddable":true,"href":"https:\/\/colimdo.org\/wp-api\/wp\/v2\/tags?post=58698"}],"curies":[{"name":"wp","href":"https:\/\/api.w.org\/{rel}","templated":true}]}}