{"id":58701,"date":"2019-07-26T02:06:31","date_gmt":"2019-07-26T02:06:31","guid":{"rendered":"https:\/\/colimdo.org\/?p=58701"},"modified":"2019-07-27T02:27:02","modified_gmt":"2019-07-27T02:27:02","slug":"cotecc-se-reune-este-fin-semana-pais","status":"publish","type":"post","link":"https:\/\/colimdo.org\/noticias\/cotecc-se-reune-este-fin-semana-pais\/","title":{"rendered":"Cotecc se re\u00fane este fin de semana en el pa\u00eds"},"content":{"rendered":"<p>EL NUEVO DIARIO, SANTO DOMINGO.- La Confederaci\u00f3n de Tenis de Centroam\u00e9rica y el Caribe (COTECC) sostendr\u00e1 este fin de semana en el Club de Aduanas sus reuniones anuales para pasar balance a las ejecutorias del organismo presidido por Persio Maldonado.<\/p>\n<p>Los encuentros, que se realizar\u00e1n s\u00e1bado y domingo desde las 9:00 de la ma\u00f1ana contar\u00e1n con participaci\u00f3n del presidente de la Federaci\u00f3n Internacional de Tenis (ITF), David Haggerty, as\u00ed como otros miembros de la entidad rectora de ese deporte a nivel mundial.<\/p>\n<p>Este s\u00e1bado sesionar\u00e1 el Comit\u00e9 Directivo de COTECC donde, adem\u00e1s del presidente, participar\u00e1n los dos vicepresidentes, los directores los oficiales de desarrollo y los encargados de las cuatro subregiones de la Confederaci\u00f3n para discutir temas financieros, de desarrollo, eventos, entre otros aspectos de inter\u00e9s.<\/p>\n<p>El domingo, la reuni\u00f3n ser\u00e1 con todos los representantes de los pa\u00edses de la regi\u00f3n, donde se realizar\u00e1n ponencias sobre tenis en silla de ruedas, Olimpiadas Especiales, el calendario y el presupuesto para 2020, las propuestas de los candidatos a presidir la ITF, entre otras.<\/p>\n<p>Ambos d\u00edas, el equipo de la ITF liderado por Haggerty realizar\u00e1 talleres para pa\u00edses de habla hispana e inglesa, donde escuchar\u00e1 su realidad y aportar\u00e1 soluciones para desarrollar el tenis en todo Centroam\u00e9rica y el Caribe.<\/p>\n","protected":false},"excerpt":{"rendered":"<p>Los encuentros, que se realizar\u00e1n s\u00e1bado y domingo desde las 9:00 de la ma\u00f1ana contar\u00e1n con participaci\u00f3n del presidente de la Federaci\u00f3n Internacional de Tenis (ITF), David Haggerty, as\u00ed como otros miembros de la entidad rectora de ese deporte a nivel mundial.<\/p>\n","protected":false},"author":19,"featured_media":58702,"comment_status":"closed","ping_status":"closed","sticky":false,"template":"","format":"standard","meta":[],"categories":[2,60],"tags":[],"acf":[],"_links":{"self":[{"href":"https:\/\/colimdo.org\/wp-api\/wp\/v2\/posts\/58701"}],"collection":[{"href":"https:\/\/colimdo.org\/wp-api\/wp\/v2\/posts"}],"about":[{"href":"https:\/\/colimdo.org\/wp-api\/wp\/v2\/types\/post"}],"author":[{"embeddable":true,"href":"https:\/\/colimdo.org\/wp-api\/wp\/v2\/users\/19"}],"replies":[{"embeddable":true,"href":"https:\/\/colimdo.org\/wp-api\/wp\/v2\/comments?post=58701"}],"version-history":[{"count":1,"href":"https:\/\/colimdo.org\/wp-api\/wp\/v2\/posts\/58701\/revisions"}],"predecessor-version":[{"id":58703,"href":"https:\/\/colimdo.org\/wp-api\/wp\/v2\/posts\/58701\/revisions\/58703"}],"wp:featuredmedia":[{"embeddable":true,"href":"https:\/\/colimdo.org\/wp-api\/wp\/v2\/media\/58702"}],"wp:attachment":[{"href":"https:\/\/colimdo.org\/wp-api\/wp\/v2\/media?parent=58701"}],"wp:term":[{"taxonomy":"category","embeddable":true,"href":"https:\/\/colimdo.org\/wp-api\/wp\/v2\/categories?post=58701"},{"taxonomy":"post_tag","embeddable":true,"href":"https:\/\/colimdo.org\/wp-api\/wp\/v2\/tags?post=58701"}],"curies":[{"name":"wp","href":"https:\/\/api.w.org\/{rel}","templated":true}]}}