{"id":58713,"date":"2019-07-26T02:06:42","date_gmt":"2019-07-26T02:06:42","guid":{"rendered":"https:\/\/colimdo.org\/?p=58713"},"modified":"2019-07-27T02:51:46","modified_gmt":"2019-07-27T02:51:46","slug":"carmelo-anthony-no-sera-llamado-ee-uu-mundial","status":"publish","type":"post","link":"https:\/\/colimdo.org\/noticias\/carmelo-anthony-no-sera-llamado-ee-uu-mundial\/","title":{"rendered":"Carmelo Anthony no ser\u00e1 llamado por EE.UU. para el Mundial"},"content":{"rendered":"<p>NBA MANIACS.- La puerta est\u00e1 cerrada. Pese a la ampl\u00edsima lista de ausencias que se ha producido en la selecci\u00f3n de Estados Unidos de cara al Mundial de China, la posibilidad de ver all\u00ed a Carmelo Anthony con la camiseta del combinado norteamericano no existe, tal y como informa Shams Charania de The Athletic.<\/p>\n<p>Seg\u00fan el citado periodista, una fuente le ha comentado que en el Team USA no han considerado la posibilidad de llamar a Carmelo para la cita mundialista. Lo cierto es que tampoco parec\u00eda una opci\u00f3n muy real, ya que el alero lleva sin jugar desde el inicio de la campa\u00f1a 2018-19, cuando formaba parte de Houston Rockets.<\/p>\n<p>\u00bfY c\u00f3mo se ha llegado a hablar de convocar a Carmelo? Pues con una desbandada que ha obligado a la selecci\u00f3n estadounidense a dar una lista pr\u00e1cticamente nueva respecto a la facilitada en junio. Anthony Davis, James Harden, Damian Lillard, Bradley Beal\u2026 Los \u2018noes\u2019 al Mundial han ido cayendo uno a uno pero sin descanso; tanto es as\u00ed que jugadores con los que en principio no se contaba han sido llamados a filas. Marcus Smart, Jaylen Brown, Thaddeus Young, Julius Randle\u2026 y en \u00faltima instancia Mason Plumlee, han sido los elegidos para rescatar al Team USA.<\/p>\n<p>Invitaciones rechazadas<\/p>\n<p>Como dec\u00edamos, de la lista inicial han sido muchos los que finalmente han rehusado estar en el pa\u00eds asi\u00e1tico, pero todos ellos dieron el \u2018s\u00ed\u2019 a las invitaciones en un primer momento. Eso no ha ocurrido tal cual en la segunda batida. El cuerpo t\u00e9cnico de EE.UU. ha llamado a varios jugadores para reemplazar a los primeros, pero en algunos casos se han encontrado con una respuesta negativa desde el primer momento. Es la situaci\u00f3n que se ha dado con Montrezl Harrell y J.J. Redick. Pese a tanta incertidumbre a la hora de confeccionar la lista, los norteamericanos siguen siendo favoritos; eso s\u00ed, con menos margen del esperado.<\/p>\n","protected":false},"excerpt":{"rendered":"<p>Seg\u00fan el citado periodista, una fuente le ha comentado que en el Team USA no han considerado la posibilidad de llamar a Carmelo para la cita mundialista.<\/p>\n","protected":false},"author":19,"featured_media":58714,"comment_status":"closed","ping_status":"closed","sticky":false,"template":"","format":"standard","meta":[],"categories":[2,60],"tags":[],"acf":[],"_links":{"self":[{"href":"https:\/\/colimdo.org\/wp-api\/wp\/v2\/posts\/58713"}],"collection":[{"href":"https:\/\/colimdo.org\/wp-api\/wp\/v2\/posts"}],"about":[{"href":"https:\/\/colimdo.org\/wp-api\/wp\/v2\/types\/post"}],"author":[{"embeddable":true,"href":"https:\/\/colimdo.org\/wp-api\/wp\/v2\/users\/19"}],"replies":[{"embeddable":true,"href":"https:\/\/colimdo.org\/wp-api\/wp\/v2\/comments?post=58713"}],"version-history":[{"count":1,"href":"https:\/\/colimdo.org\/wp-api\/wp\/v2\/posts\/58713\/revisions"}],"predecessor-version":[{"id":58715,"href":"https:\/\/colimdo.org\/wp-api\/wp\/v2\/posts\/58713\/revisions\/58715"}],"wp:featuredmedia":[{"embeddable":true,"href":"https:\/\/colimdo.org\/wp-api\/wp\/v2\/media\/58714"}],"wp:attachment":[{"href":"https:\/\/colimdo.org\/wp-api\/wp\/v2\/media?parent=58713"}],"wp:term":[{"taxonomy":"category","embeddable":true,"href":"https:\/\/colimdo.org\/wp-api\/wp\/v2\/categories?post=58713"},{"taxonomy":"post_tag","embeddable":true,"href":"https:\/\/colimdo.org\/wp-api\/wp\/v2\/tags?post=58713"}],"curies":[{"name":"wp","href":"https:\/\/api.w.org\/{rel}","templated":true}]}}