{"id":58732,"date":"2019-07-28T04:34:52","date_gmt":"2019-07-28T04:34:52","guid":{"rendered":"https:\/\/colimdo.org\/?p=58732"},"modified":"2019-07-28T04:34:52","modified_gmt":"2019-07-28T04:34:52","slug":"baloncesto-ciclismo-parten-suelo-peruano","status":"publish","type":"post","link":"https:\/\/colimdo.org\/noticias\/baloncesto-ciclismo-parten-suelo-peruano\/","title":{"rendered":"Baloncesto y Ciclismo parten a suelo peruano"},"content":{"rendered":"<p>SANTO DOMINGO, JORGE LUIS TORRES.- Los atletas miembros de la selecci\u00f3n dominicana de baloncesto dieron el primer paso de cara a su participaci\u00f3n en los Juegos Panamericanos viajando a la ciudad peruana, donde se est\u00e1 efectuando la justa panamericana.<\/p>\n<p>El combinado representante del baloncesto dominicano arrib\u00f3 a Lima junto a la delegaci\u00f3n de ciclismo que participar\u00e1 en los XVIII Juegos Panamericanos.<\/p>\n<p>Los defensores de la Bandera tricolor volaron desde el Aeropuerto de Punta Cana hacia la ciudad de Lima, Per\u00fa.<\/p>\n<p>La selecci\u00f3n dominicana de baloncesto tendr\u00e1 caras nuevas en estos Juegos Panamericanos que nunca hab\u00edan accionado juntos en cancha.<\/p>\n<p>Los aficionados de una de las selecciones m\u00e1s seguidas del pa\u00eds tuvieron que esperar para conocer los 12 jugadores que estar\u00e1n compitiendo en el tabloncillo.<\/p>\n<p>El dirigente N\u00e9stor \u201cChe\u201d Garc\u00eda inform\u00f3 que a Per\u00fa estar\u00e1n disputando los armadores Adris De Le\u00f3n, Brandone Francis y Gelvis Solano, junto a los tiradores Dagoberto Pe\u00f1a, Marques Townes y L.J. Figueroa.<\/p>\n<p>Tambi\u00e9n los aleros peque\u00f1os Juan Miguel Suero, Luis David Montero y Sadiel Rojas, en tanto que para las posiciones cuatro y cinco los quisqueyanos depender\u00e1n de Brayan Mart\u00ednez, Eloy Vargas y Luis Santos.<\/p>\n<p>Los quisqueyanos se sienten honrado y emocionados de llevar el nombre de la Rep\u00fablica Dominicana plasmado en sus camisetas.<\/p>\n<p>&#8220;La verdad que nos sentimos muy contentos y emocionados, es un honor y un orgullo representar todo un pa\u00eds y la palabras que llevamos en frente del uniforme. Para m\u00ed esto ha sido mi sue\u00f1o desde peque\u00f1o y siempre tendr\u00e9 el mismo amor de hacer las cosas bien&#8221;, expres\u00f3 el miembro del equipo nacional de baloncesto, Juan Miguel Suero, quien tambi\u00e9n inform\u00f3 que la selecci\u00f3n tiene como objetivo buscar medallas en esta edici\u00f3n panamericana.<\/p>\n<p>Los baloncestistas iniciaran su jornada de clasificaci\u00f3n el 31 de julio y culminan el 10 de agosto, si estos llegan a pasar a la final.<\/p>\n<p>La \u00faltima vez que el baloncesto dominicano obtuvo una medalla en unos Juegos Panamericanos fue en el a\u00f1o 2003 en la justa celebrada en la Rep\u00fablica Dominicana.<\/p>\n<p>La delegaci\u00f3n dominicana de ciclismo parte a Lima con la intenci\u00f3n de conseguir alguna presea panamericana sin importar el color de la misma.<\/p>\n<p>Los mismos tendr\u00e1n participaci\u00f3n en la categor\u00eda de ciclismo de ruta y ciclismo de monta\u00f1a. La delegaci\u00f3n est\u00e1 conformada por William De Jesus Guzm\u00e1n, Juana Isidra Fern\u00e1ndez, Junior Marte y Wellinton Canela.<\/p>\n<p>La competencia de pista inicia el jueves 1 de agosto y culmina el domingo 11 del mismo mes. En otro orden, la justa de ruta comienza el 7 de agosto y termina el d\u00eda 10.<\/p>\n<p>La Federaci\u00f3n Dominicana de Ciclismo (DEFOCI), realiz\u00f3 un esfuerzo en comprar m\u00e1quinas para medir el trabajo de los ciclistas, y que esto tambi\u00e9n sirva como un entrenamiento general.<\/p>\n<p>&nbsp;<\/p>\n","protected":false},"excerpt":{"rendered":"<p>El combinado representante del baloncesto dominicano arrib\u00f3 a Lima junto a la delegaci\u00f3n de ciclismo que participar\u00e1 en los XVIII Juegos Panamericanos.<\/p>\n","protected":false},"author":19,"featured_media":58733,"comment_status":"closed","ping_status":"closed","sticky":false,"template":"","format":"standard","meta":[],"categories":[2,60],"tags":[],"acf":[],"_links":{"self":[{"href":"https:\/\/colimdo.org\/wp-api\/wp\/v2\/posts\/58732"}],"collection":[{"href":"https:\/\/colimdo.org\/wp-api\/wp\/v2\/posts"}],"about":[{"href":"https:\/\/colimdo.org\/wp-api\/wp\/v2\/types\/post"}],"author":[{"embeddable":true,"href":"https:\/\/colimdo.org\/wp-api\/wp\/v2\/users\/19"}],"replies":[{"embeddable":true,"href":"https:\/\/colimdo.org\/wp-api\/wp\/v2\/comments?post=58732"}],"version-history":[{"count":1,"href":"https:\/\/colimdo.org\/wp-api\/wp\/v2\/posts\/58732\/revisions"}],"predecessor-version":[{"id":58735,"href":"https:\/\/colimdo.org\/wp-api\/wp\/v2\/posts\/58732\/revisions\/58735"}],"wp:featuredmedia":[{"embeddable":true,"href":"https:\/\/colimdo.org\/wp-api\/wp\/v2\/media\/58733"}],"wp:attachment":[{"href":"https:\/\/colimdo.org\/wp-api\/wp\/v2\/media?parent=58732"}],"wp:term":[{"taxonomy":"category","embeddable":true,"href":"https:\/\/colimdo.org\/wp-api\/wp\/v2\/categories?post=58732"},{"taxonomy":"post_tag","embeddable":true,"href":"https:\/\/colimdo.org\/wp-api\/wp\/v2\/tags?post=58732"}],"curies":[{"name":"wp","href":"https:\/\/api.w.org\/{rel}","templated":true}]}}