{"id":58783,"date":"2019-07-29T18:13:26","date_gmt":"2019-07-29T18:13:26","guid":{"rendered":"https:\/\/colimdo.org\/?p=58783"},"modified":"2019-07-29T18:13:37","modified_gmt":"2019-07-29T18:13:37","slug":"muerte-nelly-done-causa-tristeza-delegacion-panam-lima","status":"publish","type":"post","link":"https:\/\/colimdo.org\/noticias\/muerte-nelly-done-causa-tristeza-delegacion-panam-lima\/","title":{"rendered":"Muerte de Nelly Do\u00f1\u00e9 causa tristeza en delegaci\u00f3n Panam Lima"},"content":{"rendered":"<p><strong>LIMA, Per\u00fa<\/strong>. El fallecimiento la ma\u00f1ana de este lunes del profesor Nelly Manuel llen\u00f3 de sorpresa la delegaci\u00f3n dominicana que se encuentra aqu\u00ed participando de los XVIII Juegos Panamericanos.<\/p>\n<p>La primera noticia la ofreci\u00f3 bien temprano Luis Mej\u00eda Oviedo, en un mensaje en el chat del grupo que se encuentra en Lima y de inmediato la noticia corri\u00f3 por toda la delegaci\u00f3n.<\/p>\n<p>Una comunicaci\u00f3n del COD se\u00f1ala que este martes ser\u00e1n expuestos en el sal\u00f3n Juan Ulises Garc\u00eda Saleta del organismo deportivo a las 9:00 de la ma\u00f1ana, los restos del fenecido dirigente deportivo.<\/p>\n<p>Compungidos, dirigentes expresaron su\u00a0\u00a0sentimiento y dolor por el deceso de Do\u00f1\u00e9, uno de los dirigentes m\u00e1s versados en materia ol\u00edmpica, que desempe\u00f1\u00f3 m\u00faltiples posiciones en diferentes organismos deportivos de Rep\u00fablica Dominicana.<\/p>\n<p>Garibaldy Bautista, jefe de misi\u00f3n de la delegaci\u00f3n dominicana declar\u00f3 que \u201cla delegaci\u00f3n se siente muy apenada\u201d por la muerte de Do\u00f1\u00e9. \u201cEstamos muy compungidos, muy dolidos por el fallecimiento de un gran amigo y compa\u00f1ero dirigente\u201d, a\u00f1adi\u00f3 Bautista quien convoc\u00f3 a los delegados y dem\u00e1s miembros de la Misi\u00f3n para llevar un mensaje de aliento ante el infausto acontecimiento.<\/p>\n<p>\u201cEstamos reuniendo a los delegados y otros miembros de la delegaci\u00f3n para dedicar un momento de reflexi\u00f3n en memoria de (Nelly Manuel) Do\u00f1\u00e9 y para llevar un mensaje de motivaci\u00f3n para que no se debilite nuestro esfuerzo por conseguir el mayor n\u00famero de medallas posibles\u201d, declar\u00f3 Bautista, quien estuvo acompa\u00f1ado de Gilberto Garc\u00eda, secretario general del COD, as\u00ed como por Jos\u00e9 Luis Ram\u00edrez, tesorero. En la reuni\u00f3n tambi\u00e9n estuvieron Tony Mesa, sub jefe de la delegaci\u00f3n y director t\u00e9cnico del Ministerio de Deportes; Juan Antonio Febles Dalmas\u00ed, director t\u00e9cnico de la delegaci\u00f3n, as\u00ed como el Jefe de Seguridad de la delegaci\u00f3n, coronel Julio C\u00e9sar Hern\u00e1ndez Olivero y Marciel Leguizam\u00f3n, de la jefatura de misi\u00f3.<\/p>\n<p>Gilberto Garc\u00eda, al hacer uso de la palabra describi\u00f3 al finado Do\u00f1\u00e9 como \u201cun grande entre los grandes\u201d. \u201cSe nos ha ido un amigo, un gran compa\u00f1ero, un defensor de las mejores causas del movimiento deportivo y nos deja un gran vac\u00edo\u201d, a\u00f1adi\u00f3 Garc\u00eda con palabras entrecortadas.<\/p>\n<p>Durante el encuentro se guard\u00f3 un minuto de silencio en homenaje a Do\u00f1\u00e9.<\/p>\n<p>Do\u00f1e falleci\u00f3 este lunes a la edad de 75 a\u00f1os y al momento de su deceso era miembro del Comt\u00e9 Ejecutivo y asesor del presidente Luis Mej\u00eda Oviedo, quien bien temprano dijo en un twitter: \u201cAl comenzar el d\u00eda en Lima, Per\u00fa, recibo llamada de Isabel para informarme de la muerte del profesor Nelly Manuel Do\u00f1\u00e9. Mi mano derecha e izquierda en el Comit\u00e9 Ol\u00edmpico Dominicano. Uno de mis mejores amigos. Paz a su alma. Estar\u00e9 en su velatorio. Llegar\u00e9\u201d.<\/p>\n<p>Do\u00f1\u00e9 fue subsecretario T\u00e9cnico de Deportes; secretario general del COD, entidad a la que estuvo vinculado desde 1982; director t\u00e9cnico de los XV Juegos Panamericanos Santo Domingo 2003; miembro fundador del club Mauricio B\u00e1ez; ocup\u00f3 la direcci\u00f3n t\u00e9cnica en varias versiones de los Juegos Deportivos Nacionales; ocup\u00f3 posiciones en el Instituto Nacional de Educaci\u00f3n F\u00edsica Escolar; direc.tor del Plan Asistencia Social de la Presidencia en 1989. Era uno de los t\u00e9cnicos deportivos m\u00e1s calificados del pa\u00eds, brindando asesor\u00eda al Ministerio de Educaci\u00f3n en el montaje de los Juegos Nacionales Deportivos Escolares.<\/p>\n<p>Los restos de Do\u00f1\u00e9 ser\u00e1n expuestos en la funeraria Blandino de la avenida Abraham Lincoln y sepultados en el d\u00eda de ma\u00f1ana. Previamente sus restos ser\u00e1n llevados a la sede del COD y al club Mauricio B\u00e1ez.<\/p>\n","protected":false},"excerpt":{"rendered":"<p>Directivos del deporte dominicano que se encuentran en Per\u00fa, como parte de la delegaci\u00f3n, expresaron sus sentimientos por el fallecimiento del alto dirigente.<\/p>\n","protected":false},"author":13,"featured_media":58784,"comment_status":"closed","ping_status":"closed","sticky":false,"template":"","format":"standard","meta":[],"categories":[2,60],"tags":[],"acf":[],"_links":{"self":[{"href":"https:\/\/colimdo.org\/wp-api\/wp\/v2\/posts\/58783"}],"collection":[{"href":"https:\/\/colimdo.org\/wp-api\/wp\/v2\/posts"}],"about":[{"href":"https:\/\/colimdo.org\/wp-api\/wp\/v2\/types\/post"}],"author":[{"embeddable":true,"href":"https:\/\/colimdo.org\/wp-api\/wp\/v2\/users\/13"}],"replies":[{"embeddable":true,"href":"https:\/\/colimdo.org\/wp-api\/wp\/v2\/comments?post=58783"}],"version-history":[{"count":1,"href":"https:\/\/colimdo.org\/wp-api\/wp\/v2\/posts\/58783\/revisions"}],"predecessor-version":[{"id":58785,"href":"https:\/\/colimdo.org\/wp-api\/wp\/v2\/posts\/58783\/revisions\/58785"}],"wp:featuredmedia":[{"embeddable":true,"href":"https:\/\/colimdo.org\/wp-api\/wp\/v2\/media\/58784"}],"wp:attachment":[{"href":"https:\/\/colimdo.org\/wp-api\/wp\/v2\/media?parent=58783"}],"wp:term":[{"taxonomy":"category","embeddable":true,"href":"https:\/\/colimdo.org\/wp-api\/wp\/v2\/categories?post=58783"},{"taxonomy":"post_tag","embeddable":true,"href":"https:\/\/colimdo.org\/wp-api\/wp\/v2\/tags?post=58783"}],"curies":[{"name":"wp","href":"https:\/\/api.w.org\/{rel}","templated":true}]}}