{"id":58798,"date":"2019-07-30T01:23:49","date_gmt":"2019-07-30T01:23:49","guid":{"rendered":"https:\/\/colimdo.org\/?p=58798"},"modified":"2019-07-30T01:23:49","modified_gmt":"2019-07-30T01:23:49","slug":"gimnasia-trampolin-racquetbol-clavados-parten-lima-busca-medallas","status":"publish","type":"post","link":"https:\/\/colimdo.org\/noticias\/gimnasia-trampolin-racquetbol-clavados-parten-lima-busca-medallas\/","title":{"rendered":"Gimnasia trampol\u00edn, r\u00e1cquetbol y clavados parten a Lima en busca de medallas"},"content":{"rendered":"<p>SANTO DOMINGO, JORGE LUIS TORRES.- La delegaci\u00f3n dominicana de Gimnasia trampol\u00edn, r\u00e1cquetbol y clavados parten a Lima con la intenci\u00f3n de traer buenos resultados a la Rep\u00fablica Dominicana, en los XVIII Juegos Panamericanos que se est\u00e1n efectuando en la capital peruana.<\/p>\n<p>Es la primera vez que este deporte representar\u00e1 a los dominicanos en unos Juegos Panamericanos , los mismos buscar\u00e1n traer la primera presea al pa\u00eds\u00a0en esta disciplina sin importar el color de la misma.<\/p>\n<p>&#8220;Nuestra primera expectativa es clasificar a las finales para luego pensar en las medallas&#8221;, dijo el entrenador principal de la delegaci\u00f3n de gimnasia trampol\u00edn Jos\u00e9 Gabriel Valerio, quien tambi\u00e9n expres\u00f3 el compromiso de hacer un buen trabajo para continuar los buenos resultados que est\u00e1n realizando los atletas dominicanos en suelo peruano.<\/p>\n<p>&#8220;Desde que estamos clasificados para estos juegos ya eso es un plus, queremos darlo todo al \u00e1rea de juego, nosotros siempre salimos a ganar y a dar nuestro mejor esfuerzo y esas medallas que han conseguidos nuestros atletas han puesto a la Rep\u00fablica Dominicana en todo lo alto y nos ha servido de motivaci\u00f3n para nuestra actuaci\u00f3n&#8221;, adujo Valerio.<\/p>\n<p>El equipo de gimnasia trampol\u00edn est\u00e1 compuesto por Junior Antonio Mateo en la categor\u00eda masculina individual y\u00a0 Maryann G\u00f3mez en la categor\u00eda femenina individual.<\/p>\n<p>Los atletas tendr\u00e1n acci\u00f3n el d\u00eda 4 que ser\u00e1 la prueba de clasificaci\u00f3n hasta el 5 de agosto que ser\u00e1 la fase de clausura del deporte para definir medallas.<\/p>\n<p>La selecci\u00f3n dominicana de r\u00e1cquetbol tiene la meta de sobrepasar la actuaci\u00f3n que tuvo en los \u00faltimos Juegos Panamericanos de Toronto.<\/p>\n<p>La selecci\u00f3n est\u00e1 formada por Luis P\u00e9rez y Ram\u00f3n de Le\u00f3n integrar\u00e1n el equipo masculino. El femenino estar\u00e1 compuesto por Alejandra Jim\u00e9nez y Merynanyelly Delgado, ambas jugar\u00e1n por primera vez en Juegos Panamericanos.<\/p>\n<p>Los atletas se enfrentar\u00e1n en modalidades de sencillos y en las competencias de dobles en el masculino y femenino.<\/p>\n<p>El r\u00e1cquetbol dominicano obtuvo una medalla de bronce en los pasados Juegos Panamericanos de Toronto de las manos de Luis P\u00e9rez.<\/p>\n<p>Los jugadores iniciaron su preparaci\u00f3n en San Luis, M\u00e9xico, donde sostuvieron su base de entrenamientos. Adem\u00e1s, los mismos participaron en una serie de fogueos en San Diego, California, como parte de su acondicionamiento a Lima.<\/p>\n<p>La delegaci\u00f3n dominicana\u00a0 iniciar\u00e1 su justa el jueves 1 de agosto en pruebas por medallas y culminan el lunes 5 del mismo mes si llegan a la final.<\/p>\n<p>Clavados est\u00e1 integrado por los atletas\u00a0Jos\u00e9 Jonathan\u00a0Rubalcava y\u00a0Frandiel\u00a0G\u00f3mez que competir\u00e1n en las competencias de plataforma 10m masculinos, trampol\u00edn 1m masculino y plataforma 10m sincronizado masculino<\/p>\n","protected":false},"excerpt":{"rendered":"<p>Es la primera vez que este deporte representar\u00e1 a los dominicanos en unos Juegos Panamericanos , los mismos buscar\u00e1n traer la primera presea al pa\u00eds\u00a0en esta disciplina sin importar el color de la misma.\u00a0<\/p>\n","protected":false},"author":19,"featured_media":58799,"comment_status":"closed","ping_status":"closed","sticky":false,"template":"","format":"standard","meta":[],"categories":[2,60],"tags":[],"acf":[],"_links":{"self":[{"href":"https:\/\/colimdo.org\/wp-api\/wp\/v2\/posts\/58798"}],"collection":[{"href":"https:\/\/colimdo.org\/wp-api\/wp\/v2\/posts"}],"about":[{"href":"https:\/\/colimdo.org\/wp-api\/wp\/v2\/types\/post"}],"author":[{"embeddable":true,"href":"https:\/\/colimdo.org\/wp-api\/wp\/v2\/users\/19"}],"replies":[{"embeddable":true,"href":"https:\/\/colimdo.org\/wp-api\/wp\/v2\/comments?post=58798"}],"version-history":[{"count":1,"href":"https:\/\/colimdo.org\/wp-api\/wp\/v2\/posts\/58798\/revisions"}],"predecessor-version":[{"id":58800,"href":"https:\/\/colimdo.org\/wp-api\/wp\/v2\/posts\/58798\/revisions\/58800"}],"wp:featuredmedia":[{"embeddable":true,"href":"https:\/\/colimdo.org\/wp-api\/wp\/v2\/media\/58799"}],"wp:attachment":[{"href":"https:\/\/colimdo.org\/wp-api\/wp\/v2\/media?parent=58798"}],"wp:term":[{"taxonomy":"category","embeddable":true,"href":"https:\/\/colimdo.org\/wp-api\/wp\/v2\/categories?post=58798"},{"taxonomy":"post_tag","embeddable":true,"href":"https:\/\/colimdo.org\/wp-api\/wp\/v2\/tags?post=58798"}],"curies":[{"name":"wp","href":"https:\/\/api.w.org\/{rel}","templated":true}]}}