{"id":58801,"date":"2019-07-30T02:29:03","date_gmt":"2019-07-30T02:29:03","guid":{"rendered":"https:\/\/colimdo.org\/?p=58801"},"modified":"2019-07-30T04:26:24","modified_gmt":"2019-07-30T04:26:24","slug":"rafael-villalona-done-fue-papa","status":"publish","type":"post","link":"https:\/\/colimdo.org\/noticias\/rafael-villalona-done-fue-papa\/","title":{"rendered":"Rafael Villalona: &#8220;Do\u00f1\u00e9 fue como mi pap\u00e1&#8221;"},"content":{"rendered":"<p><strong>SANTO DOMINGO, JORGE LUIS TORRES<\/strong>.- Los restos del profesor Nelly Manuel Do\u00f1\u00e9 fueron presentados en la tarde hoy en la funeraria Blandino. La capilla del propulsor del deporte recibi\u00f3 grandes figuras en el \u00e1mbito deportivo que dieron su apoyo a la familia del fallecido.<\/p>\n<p>Rafael Villalona es uno de los pocos miembros del Comit\u00e9 Ejecutivo del Comit\u00e9 Ol\u00edmpico Dominicano que se encuentra en el pa\u00eds ya que la mayor\u00eda est\u00e1 dando apoyo a los atletas que se encuentran el los XVIII Juegos Panamericanos. Villalona fue uno de los integrantes del Comit\u00e9 Ol\u00edmpico que fue ayudado y mostrado a las autoridades deportivas por el se\u00f1or Do\u00f1\u00e9.<\/p>\n<p>&#8220;Esto ha sido un duro golpe para el movimiento deportivo, sobretodo el movimiento ol\u00edmpico, tu sabes que Nelly era nuestro asesor, nuestra mano derecha como le llam\u00e1bamos. Yo le agradezco infinitamente ya que gracias a \u00e9l pude entrar al Comit\u00e9 Ol\u00edmpico Dominicano, siempre lo llevar\u00e9 en mi coraz\u00f3n. Nelly fue como mi pap\u00e1, tanto que cuando lo visit\u00e9 en la cl\u00ednica me imparti\u00f3 algunos consejos por escrito ya que no pod\u00eda hablar&#8221;, expres\u00f3 el expresidente de Fedogolf, quien adem\u00e1s dijo que se deb\u00eda de aprovechar el momento para exaltar al profesor Do\u00f1\u00e9 como propulsor del deporte en el ceremonial de exaltaci\u00f3n del Pabell\u00f3n de la fama del deporte dominicano.<\/p>\n<p>El Presidente del Comit\u00e9 Ol\u00edmpico Dominicano Luis Mej\u00eda Oviedo tambi\u00e9n dijo presente en la capilla A de la funeraria Blandino de la avenida Abraham Lincoln, Mej\u00eda vol\u00f3 desde Per\u00fa hasta la Rep\u00fablica Dominicana.<\/p>\n<p>El reci\u00e9n elegido al Pabell\u00f3n de la fama del deporte dominicano, Rafael &#8220;Fey&#8221; Duquela record\u00f3 como era su amigo Nelly, a quien le atribuye todos las buenas cualidades que puede tener un ser humano.<\/p>\n<p>&#8220;Do\u00f1\u00e9 es un icono, para m\u00ed Nelly era uno de los grandes te\u00f3ricos y pr\u00e1cticos del deporte dominicano. \u00c9l insidi\u00f3 mucho en las leyes de deportes y fue un propulsor del Comit\u00e9 Ol\u00edmpico Dominicano, no hay una cualidad que Do\u00f1\u00e9 no haya tenido&#8221;, dijo el ex secretario general del Comit\u00e9 Ol\u00edmpico Dominicano.<\/p>\n<p>Los restos del primer vicepresidente del\u00a0 COD ser\u00e1n llevados ma\u00f1ana al sal\u00f3n de la entidad deportiva en el sal\u00f3n Juan Ulises Garc\u00eda Saleta &#8220;Wiche&#8221;, a las 9:00 de la ma\u00f1ana.<\/p>\n<p>Nelly Manuel Do\u00f1\u00e9 fue presidente del Club Mauricio B\u00e1ez y uno de los creadores del evento de mayor tiempo desde su inicio, La Vuelta Independencia.<\/p>\n<p>&nbsp;<\/p>\n","protected":false},"excerpt":{"rendered":"<p>Los restos del profesor Nelly Manuel Do\u00f1\u00e9 fueron presentados en la tarde hoy en la funeraria Blandino. La capilla del propulsor del deporte recibi\u00f3 grandes figuras en el \u00e1mbito deportivo que dieron su apoyo a la familia del fallecido.\u00a0<\/p>\n","protected":false},"author":19,"featured_media":58803,"comment_status":"closed","ping_status":"closed","sticky":false,"template":"","format":"standard","meta":[],"categories":[2,60],"tags":[],"acf":[],"_links":{"self":[{"href":"https:\/\/colimdo.org\/wp-api\/wp\/v2\/posts\/58801"}],"collection":[{"href":"https:\/\/colimdo.org\/wp-api\/wp\/v2\/posts"}],"about":[{"href":"https:\/\/colimdo.org\/wp-api\/wp\/v2\/types\/post"}],"author":[{"embeddable":true,"href":"https:\/\/colimdo.org\/wp-api\/wp\/v2\/users\/19"}],"replies":[{"embeddable":true,"href":"https:\/\/colimdo.org\/wp-api\/wp\/v2\/comments?post=58801"}],"version-history":[{"count":4,"href":"https:\/\/colimdo.org\/wp-api\/wp\/v2\/posts\/58801\/revisions"}],"predecessor-version":[{"id":58808,"href":"https:\/\/colimdo.org\/wp-api\/wp\/v2\/posts\/58801\/revisions\/58808"}],"wp:featuredmedia":[{"embeddable":true,"href":"https:\/\/colimdo.org\/wp-api\/wp\/v2\/media\/58803"}],"wp:attachment":[{"href":"https:\/\/colimdo.org\/wp-api\/wp\/v2\/media?parent=58801"}],"wp:term":[{"taxonomy":"category","embeddable":true,"href":"https:\/\/colimdo.org\/wp-api\/wp\/v2\/categories?post=58801"},{"taxonomy":"post_tag","embeddable":true,"href":"https:\/\/colimdo.org\/wp-api\/wp\/v2\/tags?post=58801"}],"curies":[{"name":"wp","href":"https:\/\/api.w.org\/{rel}","templated":true}]}}