{"id":58831,"date":"2019-07-30T19:50:43","date_gmt":"2019-07-30T19:50:43","guid":{"rendered":"https:\/\/colimdo.org\/?p=58831"},"modified":"2019-07-30T19:50:43","modified_gmt":"2019-07-30T19:50:43","slug":"itf-reconoce-labor-persio-maldonado-al-frente-del-tenis-regional","status":"publish","type":"post","link":"https:\/\/colimdo.org\/noticias\/itf-reconoce-labor-persio-maldonado-al-frente-del-tenis-regional\/","title":{"rendered":"ITF reconoce labor de Persio Maldonado al frente del tenis regional"},"content":{"rendered":"<p dir=\"ltr\">SANTO DOMINGO.- El presidente de la Federaci\u00f3n Internacional de Tenis (ITF), David Haggerty, resalt\u00f3 el desarrollo que ha tenido el tenis en la Confederaci\u00f3n de Centroam\u00e9rica y el Caribe (COTECC) en los \u00faltimos tres a\u00f1os bajo la presidencia de Persio Maldonado.<\/p>\n<p dir=\"ltr\">El titular del organismo rector a nivel mundial del otrora deporte blanco expres\u00f3 sus consideraciones tras participar en la reuni\u00f3n del Comit\u00e9 Directivo y la Asamblea General Anual de COTECC, que se realiz\u00f3 en el club de Aduanas de Santo Domingo.<\/p>\n<p dir=\"ltr\">\u201cEl presidente Persio Maldonado est\u00e1 haciendo un trabajo fant\u00e1stico con Cotecc (&#8230;) es obvio el nivel de desarrollo en varios aspectos como en la construcci\u00f3n de nuevos centros de tenis y la creaci\u00f3n de torneos que conducen de mejor manera el proceso de que ni\u00f1os y ni\u00f1as lleguen al tenis profesional\u201d, puntualiz\u00f3 el titular de la ITF.<\/p>\n<p dir=\"ltr\">Adem\u00e1s de Haggerty, a la asamblea asistieron James McGurran y Luca Santilli, directores de Relaciones Internacionales y de Desarrollo de la ITF, respectivamente. Asimismo estuvo como invitado el presidente de la Confederaci\u00f3n Sudamericana de Tenis (COSAT), Camilo P\u00e9rez L\u00f3pez.Durante las reuniones se discutieron los estados financieros de COTECC, el calendario para 2020, los diversos proyectos para continuar impulsando el desarrollo del tenis en la regi\u00f3n, y se pas\u00f3 balance a las ejecutorias del organismo en el a\u00f1o 2018 y lo que va de 2019.<\/p>\n<p dir=\"ltr\">Para Maldonado, tambi\u00e9n presidente de la Federaci\u00f3n Dominicana de Tenis (Fedotenis), el encuentro con presidentes y delegados de Centroam\u00e9rica y el Caribe tiene vital importancia porque es el \u00faltimo de una regional antes de la asamblea de la ITF en la que se escoger\u00e1 un nuevo presidente para el cuatrienio 2019-2023.<\/p>\n<p dir=\"ltr\">\u201cNo solo nos permite pasar balance a las actividades del a\u00f1o pasado y proyectar otras para el a\u00f1o pr\u00f3ximo, sino que esta reuni\u00f3n nos sirve para evaluar lo que ha pasado en la ITF, y as\u00ed saber con claridad hacia d\u00f3nde debe orientarse el voto de nuestras regiones\u201d, explic\u00f3 Maldonado.<\/p>\n<p dir=\"ltr\">En la Asamblea fueron reconocidos los presidentes de las federaciones de M\u00e9xico, Trinidad y Tobago, y El Salvador por las ejecutorias en pos del desarrollo del tenis en sus respectivos pa\u00edses.<\/p>\n<p dir=\"ltr\">COTECC es el brazo operativo de la ITF en Centroam\u00e9rica y el Caribe as\u00ed como en los pa\u00edses sudamericanos Guyana, Guyana Francesa y Surinam. Es una de las seis subregiones en las que la ITF ha dividido el mapa de tenis mundial.<\/p>\n","protected":false},"excerpt":{"rendered":"<p>El presidente de la Federaci\u00f3n Internacional de Tenis (ITF), David Haggerty, resalt\u00f3 el desarrollo que ha tenido el tenis en la Confederaci\u00f3n de Centroam\u00e9rica y el Caribe (COTECC) en los \u00faltimos tres a\u00f1os bajo la presidencia de Persio Maldonado.<\/p>\n","protected":false},"author":16,"featured_media":58833,"comment_status":"closed","ping_status":"closed","sticky":false,"template":"","format":"standard","meta":[],"categories":[2,60],"tags":[],"acf":[],"_links":{"self":[{"href":"https:\/\/colimdo.org\/wp-api\/wp\/v2\/posts\/58831"}],"collection":[{"href":"https:\/\/colimdo.org\/wp-api\/wp\/v2\/posts"}],"about":[{"href":"https:\/\/colimdo.org\/wp-api\/wp\/v2\/types\/post"}],"author":[{"embeddable":true,"href":"https:\/\/colimdo.org\/wp-api\/wp\/v2\/users\/16"}],"replies":[{"embeddable":true,"href":"https:\/\/colimdo.org\/wp-api\/wp\/v2\/comments?post=58831"}],"version-history":[{"count":1,"href":"https:\/\/colimdo.org\/wp-api\/wp\/v2\/posts\/58831\/revisions"}],"predecessor-version":[{"id":58834,"href":"https:\/\/colimdo.org\/wp-api\/wp\/v2\/posts\/58831\/revisions\/58834"}],"wp:featuredmedia":[{"embeddable":true,"href":"https:\/\/colimdo.org\/wp-api\/wp\/v2\/media\/58833"}],"wp:attachment":[{"href":"https:\/\/colimdo.org\/wp-api\/wp\/v2\/media?parent=58831"}],"wp:term":[{"taxonomy":"category","embeddable":true,"href":"https:\/\/colimdo.org\/wp-api\/wp\/v2\/categories?post=58831"},{"taxonomy":"post_tag","embeddable":true,"href":"https:\/\/colimdo.org\/wp-api\/wp\/v2\/tags?post=58831"}],"curies":[{"name":"wp","href":"https:\/\/api.w.org\/{rel}","templated":true}]}}