{"id":58875,"date":"2019-07-31T20:48:21","date_gmt":"2019-07-31T20:48:21","guid":{"rendered":"https:\/\/colimdo.org\/?p=58875"},"modified":"2019-07-31T20:48:47","modified_gmt":"2019-07-31T20:48:47","slug":"santa-cotes-personas-te-echan-lado-tienes-una-lesion","status":"publish","type":"post","link":"https:\/\/colimdo.org\/noticias\/santa-cotes-personas-te-echan-lado-tienes-una-lesion\/","title":{"rendered":"Santa Cotes: \u201cHay personas que te echan a un lado cuando tienes una lesi\u00f3n\u201d\u00a0"},"content":{"rendered":"<p>Lima, Peru, Hanly Ram\u00edrez.- Santa Cotes conquist\u00f3 la medalla de bronce en los 49 kilogramos en levantamiento de pesas femenino de los Juegos Panamericanos 2019, pero para alcanzar ese resultado, m\u00e1s all\u00e1 de competir ante sus rivales, tuvo que luchar con las dudas de muchas personas que no confiaron en que podr\u00eda poner en alto el nombre de la Rep\u00fablica Dominicana en el evento.<\/p>\n<p>\u201cCuando tienes una lesi\u00f3n hay personas que afirman, ella no puede, ella est\u00e1 lastimada y te echan a un lado porque tienes una lesi\u00f3n, y uno sufre mucho\u201d, explic\u00f3 Cotes tras su partici\u00f3n que concluy\u00f3 con el bronce panamericano.<\/p>\n<p>Cotes ha lidiado por dos a\u00f1os con una lesi\u00f3n en la parte inferior del su cuerpo, que no le ha permitido estar en plenitud de condiciones, incluso oblig\u00e1ndole a competir con dolor.<\/p>\n<p>\u201cSent\u00ed mucho dolor, pero lo dej\u00e9 aparte, porque yo ten\u00eda que hacer un buen trabajo, yo ten\u00eda\u00a0\u00a0que arriesgarme y sacrificarme, porque si no me quedaba sin medalla\u201d, expone la dominicana sobre las condiciones en las que compiti\u00f3 en el evento multideportivo.<\/p>\n<p>Ante esta situaci\u00f3n de dolor y molestias Cotes record\u00f3 las palabras que le transmiti\u00f3 su compa\u00f1era y medallista de oro y record panamericano en la misma competencia, Beatriz Pir\u00f3n, quien le subray\u00f3 que \u201csin dolor, no hay campe\u00f3n\u201d.<\/p>\n<p>Cotes gan\u00f3 la medalla de bronce al lograr levantar 80 kilos en arranque y 97 en envi\u00f3n para completar 177 kilos, quedando detr\u00e1s de Pir\u00f3n quien gan\u00f3 el oro al finalizar con 87 kilos en arranque y 106 en envi\u00f3n para totalizar 193 kilos y dejando atr\u00e1s el r\u00e9cord impuesto por Alyssa Ritchie, de Estados Unidos, mientras la plata fue para la colombiana Ana Segura, quien totaliz\u00f3 188 kilos, al levantar 83 en arranque y 105 en envi\u00f3n.<\/p>\n<p>Apoyo familiar ha sido fundamental<\/p>\n<p>A pesar de las dudas que pudo despertar su participaci\u00f3n en suelo peruano, Santa expone que el apoyo de su familia, compa\u00f1eros y amigos la ayudaron a mantener la confianza en s\u00ed misma.<\/p>\n<p>\u201cSiempre confi\u00e9 en m\u00ed. Mi madre me ha apoyado, siempre ha estado conmigo desde el primer momento que decid\u00ed levantar pesas, antes de salir a competir hablamos y me dijo que no me asustara, que estuviera tranquila, que esto era igual que una pr\u00e1ctica, que me relajara y as\u00ed mismo lo hice\u201d, cuenta Cotes.<\/p>\n<p>Santa respondi\u00f3 de manera satisfactoria a los consejos de su madre Aracelis Mej\u00eda, colg\u00e1ndose en metal bronceado.<\/p>\n<p>El apego de Cotes a su familia es tal, que no duda en se\u00f1alar que lo m\u00e1s dif\u00edcil de ser un atleta de este nivel, es el tiempo que\u00a0\u00a0se mantiene lejos de su familia, entre los entrenamientos y las competencias.<\/p>\n<p>\u201cDejamos\u00a0\u00a0a nuestros familiares, sacrificamos tiempo con ellos, dejamos nuestros hogares. Tengo hermanos peque\u00f1os a quienes atiendo en el tiempo que no estoy concentrada con la selecci\u00f3n\u201d, puntualiz\u00f3 Cotes.<\/p>\n<p>\u201cMis hermanos peque\u00f1os me llamaban todos los d\u00edas y mi hermana de tres a\u00f1os, Elizabeth, me dec\u00eda te extra\u00f1o mucho, cuando vienes, ya ven, son cosas verdaderamente dif\u00edciles, pero con las que hay que lidiar\u201d, especifica la atleta.<\/p>\n<p>Lo que sigue para Cotes<\/p>\n<p>Tras su participaci\u00f3n en los Juegos Panamericanos, ahora Cotes se dirige al Mundial de esta disciplina a celebrarse en la ciudad de Pattaya, Tailandia, en septiembre de este a\u00f1o, donde buscar\u00e1 lograr su pase a los Juegos Ol\u00edmpicos de Tokio 2020.\u200b<\/p>\n","protected":false},"excerpt":{"rendered":"<p>Santa tuvo que superar los cuestionamientos acerca de su salud para lograr el bronce en los Juegos Panamericanos.<\/p>\n","protected":false},"author":16,"featured_media":58881,"comment_status":"closed","ping_status":"closed","sticky":false,"template":"","format":"standard","meta":[],"categories":[2,60],"tags":[],"acf":[],"_links":{"self":[{"href":"https:\/\/colimdo.org\/wp-api\/wp\/v2\/posts\/58875"}],"collection":[{"href":"https:\/\/colimdo.org\/wp-api\/wp\/v2\/posts"}],"about":[{"href":"https:\/\/colimdo.org\/wp-api\/wp\/v2\/types\/post"}],"author":[{"embeddable":true,"href":"https:\/\/colimdo.org\/wp-api\/wp\/v2\/users\/16"}],"replies":[{"embeddable":true,"href":"https:\/\/colimdo.org\/wp-api\/wp\/v2\/comments?post=58875"}],"version-history":[{"count":2,"href":"https:\/\/colimdo.org\/wp-api\/wp\/v2\/posts\/58875\/revisions"}],"predecessor-version":[{"id":58885,"href":"https:\/\/colimdo.org\/wp-api\/wp\/v2\/posts\/58875\/revisions\/58885"}],"wp:featuredmedia":[{"embeddable":true,"href":"https:\/\/colimdo.org\/wp-api\/wp\/v2\/media\/58881"}],"wp:attachment":[{"href":"https:\/\/colimdo.org\/wp-api\/wp\/v2\/media?parent=58875"}],"wp:term":[{"taxonomy":"category","embeddable":true,"href":"https:\/\/colimdo.org\/wp-api\/wp\/v2\/categories?post=58875"},{"taxonomy":"post_tag","embeddable":true,"href":"https:\/\/colimdo.org\/wp-api\/wp\/v2\/tags?post=58875"}],"curies":[{"name":"wp","href":"https:\/\/api.w.org\/{rel}","templated":true}]}}