{"id":58877,"date":"2019-07-31T20:45:32","date_gmt":"2019-07-31T20:45:32","guid":{"rendered":"https:\/\/colimdo.org\/?p=58877"},"modified":"2019-07-31T20:45:32","modified_gmt":"2019-07-31T20:45:32","slug":"julio-cesar-cedeno-camino-lagrimas-bronce-lima-2019","status":"publish","type":"post","link":"https:\/\/colimdo.org\/noticias\/julio-cesar-cedeno-camino-lagrimas-bronce-lima-2019\/","title":{"rendered":"Julio C\u00e9sar Cede\u00f1o y un camino de l\u00e1grimas hasta el bronce en Lima 2019"},"content":{"rendered":"<p>El dominicano Julio C\u00e9sar Cede\u00f1o conquist\u00f3 la medalla de bronce en los 73 kilogramos en levantamiento de pesas masculino de los XVIII Juegos Panamericanos Lima 2019, completando con ello un recorrido en el que las l\u00e1grimas se han hecho presente.<\/p>\n<p>Para representar a la Rep\u00fablica Dominicana en el evento que se desarrolla en el Coliseo Miguel Grau de la ciudad peruana, Cede\u00f1o ha tenido que sacrificar mucho de su tiempo familiar, as\u00ed como superar momentos de dolor que se han cruzado en su camino.<\/p>\n<p>\u201cPara lograr esta medalla he llorado mucho en mi habitaci\u00f3n junto a mi familia, porque ha habido momentos dif\u00edciles y de\u00a0\u00a0tormentos\u201d, revel\u00f3 el medallista de bronce panamericano, quien record\u00f3 que no pudo estar en el pasado mundial de esta disciplina, celebrado en Turkmenist\u00e1n, debido a una lesi\u00f3n en la espalda baja que lo dej\u00f3 dos meses en cama.<\/p>\n<p>A pesar de estos momentos de dificultad, Cede\u00f1o insiste que el apoyo de sus allegados, junto a su determinaci\u00f3n no le ha permitido rendirse en la b\u00fasqueda de sus sue\u00f1os.<\/p>\n<p>\u201cSiempre he tenido el apoyo de mis entrenadores, amigos y familiares d\u00e1ndome consejos para superar esos procesos. Nunca me rend\u00ed y me enfoque en echar para adelante\u201d puntualiz\u00f3 el medallista panamericano.<\/p>\n<p>Julio concluy\u00f3 tercero en los 73 kilogramos masculino, al lograr levantar un total 318 kilos, fruto de la sumatoria de los 144 que complet\u00f3 en arranque y los 174 en envi\u00f3n, quedando detr\u00e1s del due\u00f1o del oro, el venezolano\u00a0\u00a0Julio Mayora, quien estableci\u00f3 tres nuevas marcas panamericanas en arranque con 155, en envi\u00f3n con 194 y en total con 349, mientras el segundo lugar fue para el colombiano Luis Mosquera, quien totaliz\u00f3 325 kilogramos (150 en arranque y 175 en envi\u00f3n).<\/p>\n<p>Con todas las dificultades superadas y tras lograr esta anhelada presea, Cede\u00f1o solo muestra satisfacci\u00f3n y orgullo por poner en alto el nombre de la Rep\u00fablica Dominicana.<\/p>\n<p>\u201cDesde que comenc\u00e9 mis entrenamientos le ped\u00ed a Dios que me diera una medalla, el me respondi\u00f3 con este bronce y hoy yo se lo doy a mi pa\u00eds\u201d, concluy\u00f3 Cede\u00f1o.<\/p>\n","protected":false},"excerpt":{"rendered":"<p>Julio C\u00e9sar Cede\u00f1o se mantuvo firme ante el dolor y subi\u00f3 por la medalla en Lima 2019<\/p>\n","protected":false},"author":16,"featured_media":58882,"comment_status":"closed","ping_status":"closed","sticky":false,"template":"","format":"standard","meta":[],"categories":[2,60],"tags":[],"acf":[],"_links":{"self":[{"href":"https:\/\/colimdo.org\/wp-api\/wp\/v2\/posts\/58877"}],"collection":[{"href":"https:\/\/colimdo.org\/wp-api\/wp\/v2\/posts"}],"about":[{"href":"https:\/\/colimdo.org\/wp-api\/wp\/v2\/types\/post"}],"author":[{"embeddable":true,"href":"https:\/\/colimdo.org\/wp-api\/wp\/v2\/users\/16"}],"replies":[{"embeddable":true,"href":"https:\/\/colimdo.org\/wp-api\/wp\/v2\/comments?post=58877"}],"version-history":[{"count":1,"href":"https:\/\/colimdo.org\/wp-api\/wp\/v2\/posts\/58877\/revisions"}],"predecessor-version":[{"id":58883,"href":"https:\/\/colimdo.org\/wp-api\/wp\/v2\/posts\/58877\/revisions\/58883"}],"wp:featuredmedia":[{"embeddable":true,"href":"https:\/\/colimdo.org\/wp-api\/wp\/v2\/media\/58882"}],"wp:attachment":[{"href":"https:\/\/colimdo.org\/wp-api\/wp\/v2\/media?parent=58877"}],"wp:term":[{"taxonomy":"category","embeddable":true,"href":"https:\/\/colimdo.org\/wp-api\/wp\/v2\/categories?post=58877"},{"taxonomy":"post_tag","embeddable":true,"href":"https:\/\/colimdo.org\/wp-api\/wp\/v2\/tags?post=58877"}],"curies":[{"name":"wp","href":"https:\/\/api.w.org\/{rel}","templated":true}]}}