{"id":58975,"date":"2019-08-03T17:31:35","date_gmt":"2019-08-03T17:31:35","guid":{"rendered":"https:\/\/colimdo.org\/?p=58975"},"modified":"2019-08-03T17:32:49","modified_gmt":"2019-08-03T17:32:49","slug":"emmy-andujar-medio-batalla-rd-pr-pase-al-oro-panam-2019","status":"publish","type":"post","link":"https:\/\/colimdo.org\/noticias\/emmy-andujar-medio-batalla-rd-pr-pase-al-oro-panam-2019\/","title":{"rendered":"Emmy And\u00fajar, en medio de batalla entre RD y PR por el pase al oro en Panam 2019"},"content":{"rendered":"<p>LIMA, PER\u00da, HANLY RAM\u00cdREZ .- La Rep\u00fablica Dominicana y Puerto Rico abrir\u00e1n un nuevo episodio en su rivalidad en el baloncesto, cuando se enfrenten esta noche por el pase a la final en los Juegos Panamericanos Lima 2019, un enfrentamiento que tendr\u00e1 en medio a Emmy And\u00fajar, quien es miembro de la selecci\u00f3n boricua, pero que tambi\u00e9n pudo haber sido parte del combinado quisqueyano.<\/p>\n<p>\u201cEstoy jugando con Puerto Rico, pero si yo hubiese tenido la oportunidad de hacerlo por la Rep\u00fablica Dominicana, lo hubiese hecho. Donde me llamaran primero ah\u00ed iba a estar\u201d, expres\u00f3 And\u00fajar, quien es hijo de madre puertorrique\u00f1a y padre dominicano.<\/p>\n<p>\u201cSiempre estuve abierto a estar en cualquiera de las dos selecciones\u201d, revel\u00f3 Emmy, quien dijo que su padre es nativo de Bani, un pueblo situado al sur del pa\u00eds, a unos 59 kil\u00f3metros de la capital dominicana.<\/p>\n<p>Con todo y que se describe como 50\/50 en cuanto a su nacionalidad entre las dos islas caribe\u00f1as, el escolta es consciente de la responsabilidad que constituye llevar la franela de un pa\u00eds al que se representa, por lo que saldr\u00e1 a dar lo mejor de \u00e9l para lograr el triunfo para el equipo puertorrique\u00f1o.<\/p>\n<p>\u201cYo tengo muchos amigos que juegan con la Rep\u00fablica Dominicana, pero estoy aqu\u00ed y voy a hacer lo posible para ayudar a Puerto Rico a ganar\u201d, sentenci\u00f3 And\u00fajar, quien super\u00f3 un c\u00e1ncer testicular para regresar a la selecci\u00f3n de baloncesto de la llamada Isla del Encanto.<\/p>\n<p>\u201cFui operado y se siente muy bien estar jugando nuevamente con la selecci\u00f3n, ha sido un a\u00f1o y medio largo para m\u00ed, siempre tuve\u00a0 fe en Dios y segu\u00ed trabajando, no me rend\u00ed y ahora estoy nuevamente aqu\u00ed\u201d, puntualiz\u00f3 And\u00fajar.<\/p>\n<p>El jugador, quien se define como un amante del mang\u00fa dominicano, dice sentirse agradecido con Dios por la oportunidad que le ha dado de volver a estar saludable y jugar al deporte que ama, el cual practica todos los d\u00edas, ya que entiende que como todo en la vida, no podr\u00e1 hacerlo para siempre.<\/p>\n<p>And\u00fajar, quien este a\u00f1o estar\u00e1 accionando en la Liga Nacional de Baloncesto Profesional Mexicana con los Capitanes de Ciudad de M\u00e9xico y quien en la LNB pertenece a los Huracanes del Atl\u00e1ntico, equipo que no ver\u00e1 acci\u00f3n en la liga por segundo a\u00f1o seguido, dijo que desea regresar y jugar en el pa\u00eds.<\/p>\n<p>\u201cVeremos qu\u00e9 pasa el pr\u00f3ximo a\u00f1o, me gustar\u00eda volver a jugar all\u00e1\u201d, Concluy\u00f3 And\u00fajar.<\/p>\n","protected":false},"excerpt":{"rendered":"<p>Emmy And\u00fajar es hijo de madre puertorrique\u00f1a y padre dominicano, por lo que se describe como 50\/50 en cuanto a su nacionalidad entre las dos islas caribe\u00f1as.<\/p>\n","protected":false},"author":16,"featured_media":58976,"comment_status":"closed","ping_status":"closed","sticky":false,"template":"","format":"standard","meta":[],"categories":[2,60],"tags":[],"acf":[],"_links":{"self":[{"href":"https:\/\/colimdo.org\/wp-api\/wp\/v2\/posts\/58975"}],"collection":[{"href":"https:\/\/colimdo.org\/wp-api\/wp\/v2\/posts"}],"about":[{"href":"https:\/\/colimdo.org\/wp-api\/wp\/v2\/types\/post"}],"author":[{"embeddable":true,"href":"https:\/\/colimdo.org\/wp-api\/wp\/v2\/users\/16"}],"replies":[{"embeddable":true,"href":"https:\/\/colimdo.org\/wp-api\/wp\/v2\/comments?post=58975"}],"version-history":[{"count":2,"href":"https:\/\/colimdo.org\/wp-api\/wp\/v2\/posts\/58975\/revisions"}],"predecessor-version":[{"id":58978,"href":"https:\/\/colimdo.org\/wp-api\/wp\/v2\/posts\/58975\/revisions\/58978"}],"wp:featuredmedia":[{"embeddable":true,"href":"https:\/\/colimdo.org\/wp-api\/wp\/v2\/media\/58976"}],"wp:attachment":[{"href":"https:\/\/colimdo.org\/wp-api\/wp\/v2\/media?parent=58975"}],"wp:term":[{"taxonomy":"category","embeddable":true,"href":"https:\/\/colimdo.org\/wp-api\/wp\/v2\/categories?post=58975"},{"taxonomy":"post_tag","embeddable":true,"href":"https:\/\/colimdo.org\/wp-api\/wp\/v2\/tags?post=58975"}],"curies":[{"name":"wp","href":"https:\/\/api.w.org\/{rel}","templated":true}]}}