{"id":59022,"date":"2019-08-05T14:53:16","date_gmt":"2019-08-05T14:53:16","guid":{"rendered":"https:\/\/colimdo.org\/?p=59022"},"modified":"2019-08-05T14:53:16","modified_gmt":"2019-08-05T14:53:16","slug":"victor-estrella-anuncia-se-retirara-del-tenis-profesional-octubre","status":"publish","type":"post","link":"https:\/\/colimdo.org\/noticias\/victor-estrella-anuncia-se-retirara-del-tenis-profesional-octubre\/","title":{"rendered":"V\u00edctor Estrella anuncia se retirar\u00e1 del tenis profesional en octubre"},"content":{"rendered":"<p>El tenista dominicano V\u00edctor Estrella anunci\u00f3 este lunes que se retirar\u00e1 de las canchas el pr\u00f3ximo mes de octubre en el Santo Domingo Open.<\/p>\n<p>El santiaguero de 39 a\u00f1os, la actual raqueta n\u00famero uno del pa\u00eds, hizo el anuncio a trav\u00e9s de cuenta de Instagram.<\/p>\n<p>Estrella, actualmente ubicado en el puesto 665, alcanz\u00f3 su\u00a0 mejor posici\u00f3n en el ranking ATP en individuales\u00a0 el 11 de mayo de 2015, cuando logr\u00f3 ser el n\u00famero 43\u00b0.<\/p>\n<p>\u201cHoy termino con gran satisfacci\u00f3n mi 5ta participaci\u00f3n en unos Juegos Panamericanos. La primera fue en Winnipeg en el 99 y desde entonces he sido un atleta bendecido por Dios, con muchas altas y algunas bajas, pero sobre todo agradecido de todo el apoyo de todo el pueblo dominicano y los seguidores que me han animado a seguir durante tantos a\u00f1os\u201d, public\u00f3 Estrella.<\/p>\n<p>Expres\u00f3 que una de las cosas \u201cm\u00e1s gratificantes en mi vida ha sido defender con valent\u00eda mi bandera, mi pa\u00eds, y me llevo los lindos recuerdos de todas las victorias y experiencias en Juegos Ol\u00edmpicos, Panamericanos, Centroamericanos y Copa Davis\u201d.<\/p>\n<p>\u201cGracias de coraz\u00f3n a todos los que han estado siempre ah\u00ed, y quiero anunciar en el d\u00eda de hoy, que mi despedida oficial de las canchas que tanto amo, como jugador, ser\u00e1 el pr\u00f3ximo mes de octubre en el Santo Domingo Open\u201d.<\/p>\n<p>La pasada semana Estrella fue eliminado en la modalidad de sencillos masculinos del torneo de tenis de los Juegos Panamericanos que se disputan en esta ciudad.<\/p>\n","protected":false},"excerpt":{"rendered":"<p>Estrella, actualmente ubicado en el puesto 665, alcanz\u00f3 su\u00a0 mejor posici\u00f3n en el ranking ATP en individuales\u00a0 el 11 de mayo de 2015, cuando logr\u00f3 ser el n\u00famero 43\u00b0.<\/p>\n","protected":false},"author":16,"featured_media":59023,"comment_status":"closed","ping_status":"closed","sticky":false,"template":"","format":"standard","meta":[],"categories":[2,60],"tags":[],"acf":[],"_links":{"self":[{"href":"https:\/\/colimdo.org\/wp-api\/wp\/v2\/posts\/59022"}],"collection":[{"href":"https:\/\/colimdo.org\/wp-api\/wp\/v2\/posts"}],"about":[{"href":"https:\/\/colimdo.org\/wp-api\/wp\/v2\/types\/post"}],"author":[{"embeddable":true,"href":"https:\/\/colimdo.org\/wp-api\/wp\/v2\/users\/16"}],"replies":[{"embeddable":true,"href":"https:\/\/colimdo.org\/wp-api\/wp\/v2\/comments?post=59022"}],"version-history":[{"count":1,"href":"https:\/\/colimdo.org\/wp-api\/wp\/v2\/posts\/59022\/revisions"}],"predecessor-version":[{"id":59024,"href":"https:\/\/colimdo.org\/wp-api\/wp\/v2\/posts\/59022\/revisions\/59024"}],"wp:featuredmedia":[{"embeddable":true,"href":"https:\/\/colimdo.org\/wp-api\/wp\/v2\/media\/59023"}],"wp:attachment":[{"href":"https:\/\/colimdo.org\/wp-api\/wp\/v2\/media?parent=59022"}],"wp:term":[{"taxonomy":"category","embeddable":true,"href":"https:\/\/colimdo.org\/wp-api\/wp\/v2\/categories?post=59022"},{"taxonomy":"post_tag","embeddable":true,"href":"https:\/\/colimdo.org\/wp-api\/wp\/v2\/tags?post=59022"}],"curies":[{"name":"wp","href":"https:\/\/api.w.org\/{rel}","templated":true}]}}