{"id":59030,"date":"2019-08-04T15:53:26","date_gmt":"2019-08-04T15:53:26","guid":{"rendered":"https:\/\/colimdo.org\/?p=59030"},"modified":"2019-08-05T15:52:53","modified_gmt":"2019-08-05T15:52:53","slug":"aguilas-cibaenas-establecieron-una-nueva-marca-ventas-abonos","status":"publish","type":"post","link":"https:\/\/colimdo.org\/noticias\/aguilas-cibaenas-establecieron-una-nueva-marca-ventas-abonos\/","title":{"rendered":"\u00c1guilas Cibae\u00f1as establecieron una nueva marca en ventas de abonos"},"content":{"rendered":"<p>SANTIAGO. \u2013 Por segundo a\u00f1o seguido las \u00c1guilas Cibae\u00f1as establecieron una nueva marca de ventas de abonos en el mes de julio, al superar en dos millones de pesos las ventas para el mismo per\u00edodo del a\u00f1o pasado, cuando anunciaron que marcaron un record de frente a la temporada 2018-2019.<\/p>\n<p>Al concluir el mes de julio la administraci\u00f3n del equipo ha reportado que la afici\u00f3n ha acudido a comprar con mayor frecuencia, por lo que se ha logrado tener venta superior para la campa\u00f1a 2019-2020.<\/p>\n<p>El resultado de julio es una muestra de la confianza que tiene la fanaticada en el equipo y de la pol\u00edtica de incentivos de la administraci\u00f3n que ha logrado dar las facilidades adecuadas a los seguidores del conjunto cibae\u00f1o<\/p>\n<p>Los aficionados que compraron durante julio se beneficiaron de un 10 por ciento de descuento. Las \u00c1guilas adem\u00e1s no aumentaron los precios de los abonos para esta temporada.<\/p>\n<p>Los fan\u00e1ticos de la pelota a\u00fan tienen la oportunidad de un descuento, ahora del 5 % para los que compren sus abonos en este mes de agosto, ha informado el departamento de Boleter\u00edas.<\/p>\n<p>El conjunto, adem\u00e1s otorg\u00f3 privilegios especiales esta temporada para sus clientes, que van desde recibir sus abonos mediante un \u201cdelivery \u201cde forma personalizada, y tenerlos a manos una semana despu\u00e9s de realizar el pago.<\/p>\n<p>La administraci\u00f3n tambi\u00e9n inform\u00f3 que el derecho de los abonados para mantener sus mismos asientos se pierde el 31 de agosto del 2019.<\/p>\n<p>Los precios de los abonos para la pr\u00f3xima temporada son de RD$ 25,300 los palcos ejecutivos, mientras que los palcos especiales costar\u00e1n 22,000 pesos y los Palcos del Grand Stand 16,500, se\u00f1ala la nota.<\/p>\n<p>Los palcos AA y los laterales se vender\u00e1n a 11,000 pesos. Las preferencias estar\u00e1n a la venta a 5,500.<\/p>\n<p>El equipo exhorta a todos los aficionados que a\u00fan no han adquirido sus entradas fijas para que lo hagan con tiempo, evitando as\u00ed aglomeraciones cuando comience el campeonato.<\/p>\n<p>&nbsp;<\/p>\n","protected":false},"excerpt":{"rendered":"<p>Al concluir el mes de julio la administraci\u00f3n del equipo ha reportado que la afici\u00f3n ha acudido a comprar con mayor frecuencia, por lo que se ha logrado tener venta superior para la campa\u00f1a 2019-2020.<\/p>\n","protected":false},"author":19,"featured_media":59031,"comment_status":"closed","ping_status":"closed","sticky":false,"template":"","format":"standard","meta":[],"categories":[2,60],"tags":[],"acf":[],"_links":{"self":[{"href":"https:\/\/colimdo.org\/wp-api\/wp\/v2\/posts\/59030"}],"collection":[{"href":"https:\/\/colimdo.org\/wp-api\/wp\/v2\/posts"}],"about":[{"href":"https:\/\/colimdo.org\/wp-api\/wp\/v2\/types\/post"}],"author":[{"embeddable":true,"href":"https:\/\/colimdo.org\/wp-api\/wp\/v2\/users\/19"}],"replies":[{"embeddable":true,"href":"https:\/\/colimdo.org\/wp-api\/wp\/v2\/comments?post=59030"}],"version-history":[{"count":1,"href":"https:\/\/colimdo.org\/wp-api\/wp\/v2\/posts\/59030\/revisions"}],"predecessor-version":[{"id":59032,"href":"https:\/\/colimdo.org\/wp-api\/wp\/v2\/posts\/59030\/revisions\/59032"}],"wp:featuredmedia":[{"embeddable":true,"href":"https:\/\/colimdo.org\/wp-api\/wp\/v2\/media\/59031"}],"wp:attachment":[{"href":"https:\/\/colimdo.org\/wp-api\/wp\/v2\/media?parent=59030"}],"wp:term":[{"taxonomy":"category","embeddable":true,"href":"https:\/\/colimdo.org\/wp-api\/wp\/v2\/categories?post=59030"},{"taxonomy":"post_tag","embeddable":true,"href":"https:\/\/colimdo.org\/wp-api\/wp\/v2\/tags?post=59030"}],"curies":[{"name":"wp","href":"https:\/\/api.w.org\/{rel}","templated":true}]}}