{"id":59038,"date":"2019-08-06T04:39:35","date_gmt":"2019-08-06T04:39:35","guid":{"rendered":"https:\/\/colimdo.org\/?p=59038"},"modified":"2019-08-06T04:43:21","modified_gmt":"2019-08-06T04:43:21","slug":"las-reinas-del-caribe-ya-estan-lima-debutan-miercoles-ante-colombia","status":"publish","type":"post","link":"https:\/\/colimdo.org\/noticias\/las-reinas-del-caribe-ya-estan-lima-debutan-miercoles-ante-colombia\/","title":{"rendered":"Las Reinas del Caribe ya est\u00e1n en Lima; debutan el mi\u00e9rcoles ante Colombia"},"content":{"rendered":"<p>LIMA, PERU. \u2013 La selecci\u00f3n de voleibol femenina de la Rep\u00fablica Dominicana, vigente medallista de bronce de los pasados Juegos Panam de Toronto 2015, debutar\u00e1 este mi\u00e9rcoles a las 7:30 de la noche al sexteto de Colombia, en el inicio del torneo de voleibol femenino de los XVIII Juegos Deportivos Panamericanos de Lima, Per\u00fa.<\/p>\n<p>Al d\u00eda d\u00eda siguiente, las Caribe\u00f1as se enfrentar\u00e1n al sexteto de Canad\u00e1 a las 7:30 de la noche (hora dominicana) y el \u00faltimo partido de la ronda preliminar ser\u00e1 ante las anfitrionas de Per\u00fa, a las 9:30 de la noche, hora dominicana.<\/p>\n<p>Los dos equipos con mejores r\u00e9cord de los dos grupos que se han dividido, estar\u00e1n pasando a la semifinal de los Juegos Panamericanos.<\/p>\n<p>Dominicana venci\u00f3 a Puerto Rico tres sets por uno en los Panam de Toronto y as\u00ed se qued\u00f3 con la presea de bronce, su segunda que alcanza en unos Juegos Panam. La primera de oro fue en Panam 2003.<\/p>\n<p>La capitana del conjunto nacional, Priscilla Rivera, declar\u00f3 que han llegado a Lima, Per\u00fa, con el objetivo de seguir poniendo en alto la bandera tricolor, como siempre lo han hecho. \u201cBatallaremos cada punto, cada set, cada partido, somos las due\u00f1as de la medalla de bronce de Toronto 2015 y vamos por m\u00e1s\u201d, adujo.<\/p>\n<p>Las dominicanas acaban de regresar del torneo Cualificatorio Ol\u00edmpico Tokyo 2020 donde perdieron el partido final ante Brasil, en cinco re\u00f1idos parciales, en Brasil. Terminaron con marca de 2-1.<\/p>\n<p>El equipo dominicano est\u00e1 integrado por las jugadoras Priscilla Rivera, capitana, Bethania de la Cruz, Brayelin Mart\u00ednez, Jineirys Mart\u00ednez, Annerys Valdez, Candida Arias, Niverka Marte, Camil Dom\u00ednguez, Gina Mambr\u00fa, Gaila Gonz\u00e1lez, Brenda Castillo y Larysmer Mart\u00ednez, ambas libero.<\/p>\n<p>El cuerpo t\u00e9cnico lo encabeza el dirigente Marcos Kwiek, quien estar\u00e1 asistido por Wagner Pacheco y Wilson S\u00e1nchez.<\/p>\n","protected":false},"excerpt":{"rendered":"<p>La selecci\u00f3n de voleibol femenina de la Rep\u00fablica Dominicana, vigente medallista de bronce de los pasados Juegos Panam de Toronto 2015, debutar\u00e1 este mi\u00e9rcoles a las 7:30 de la noche al sexteto de Colombia, en el inicio del torneo de voleibol femenino de los XVIII Juegos Deportivos Panamericanos de Lima, Per\u00fa.<\/p>\n","protected":false},"author":19,"featured_media":59039,"comment_status":"closed","ping_status":"closed","sticky":false,"template":"","format":"standard","meta":[],"categories":[2,60],"tags":[],"acf":[],"_links":{"self":[{"href":"https:\/\/colimdo.org\/wp-api\/wp\/v2\/posts\/59038"}],"collection":[{"href":"https:\/\/colimdo.org\/wp-api\/wp\/v2\/posts"}],"about":[{"href":"https:\/\/colimdo.org\/wp-api\/wp\/v2\/types\/post"}],"author":[{"embeddable":true,"href":"https:\/\/colimdo.org\/wp-api\/wp\/v2\/users\/19"}],"replies":[{"embeddable":true,"href":"https:\/\/colimdo.org\/wp-api\/wp\/v2\/comments?post=59038"}],"version-history":[{"count":1,"href":"https:\/\/colimdo.org\/wp-api\/wp\/v2\/posts\/59038\/revisions"}],"predecessor-version":[{"id":59040,"href":"https:\/\/colimdo.org\/wp-api\/wp\/v2\/posts\/59038\/revisions\/59040"}],"wp:featuredmedia":[{"embeddable":true,"href":"https:\/\/colimdo.org\/wp-api\/wp\/v2\/media\/59039"}],"wp:attachment":[{"href":"https:\/\/colimdo.org\/wp-api\/wp\/v2\/media?parent=59038"}],"wp:term":[{"taxonomy":"category","embeddable":true,"href":"https:\/\/colimdo.org\/wp-api\/wp\/v2\/categories?post=59038"},{"taxonomy":"post_tag","embeddable":true,"href":"https:\/\/colimdo.org\/wp-api\/wp\/v2\/tags?post=59038"}],"curies":[{"name":"wp","href":"https:\/\/api.w.org\/{rel}","templated":true}]}}