{"id":59050,"date":"2019-08-06T03:52:24","date_gmt":"2019-08-06T03:52:24","guid":{"rendered":"https:\/\/colimdo.org\/?p=59050"},"modified":"2019-08-06T03:56:42","modified_gmt":"2019-08-06T03:56:42","slug":"guillermina-candelario-sera-inmortal-san-pedro-macoris","status":"publish","type":"post","link":"https:\/\/colimdo.org\/noticias\/guillermina-candelario-sera-inmortal-san-pedro-macoris\/","title":{"rendered":"Guillermina Candelario ser\u00e1 inmortal de San Pedro de Macor\u00eds"},"content":{"rendered":"<p>SAN PEDRO DE MACOR\u00cdS.- El Sal\u00f3n de la Fama de los Deportistas Petromacorisanos honrar\u00e1 con la inmortalidad a una de las atletas que en el pasado reciente sentaron las bases del crecimiento del deporte de halterofilia a nivel de selecci\u00f3n.<\/p>\n<p>Y ser\u00e1 por su trayectoria que Guillermina Candelario, una de las mejores pesistas dominicanas de su generaci\u00f3n, ser\u00e1 inmortalizada el segundo domingo de septiembre durante el duod\u00e9cimo Ceremonial de Exaltaci\u00f3n.<\/p>\n<p>La elecci\u00f3n de Candelario fue anunciada hoy por el Sal\u00f3n de la Fama de Deportistas Petromacorisanos, a trav\u00e9s de su presidente, el ingeniero Juan Eric Yermenos. Record\u00f3 que el acto de exaltaci\u00f3n se realizar\u00e1 en el sal\u00f3n Francisco Comarazamy, de la Alcald\u00eda de esta ciudad, a partir de las 11:00 de la ma\u00f1ana.<\/p>\n<p>\u201cTenemos a bien informar que Candelario ha sido la primera deportistas electa para ser exaltada en el Ceremonial del domingo 5 de septiembre. Es la primera escogida de seis deportistas que van a ser inmortalizadas este a\u00f1o\u201d, refiri\u00f3.<\/p>\n<p>Candelario es una m\u00faltiple medallista de Juegos Panamericanos, Juegos Centroamericanos y del Caribe, as\u00ed como en eventos propios de su deporte como Campeonatos regionales y continentales.<\/p>\n<p>La nativa de esta ciudad, quien ya el a\u00f1o pasado fue inmortalizada por el Pabell\u00f3n de la Fama del Deporte Dominicano, se destac\u00f3 en la categor\u00eda de los 48 kilogramos y durante casi una d\u00e9cada fue una de las mejores del continente.<\/p>\n<p>Candelario, cabeza de una familia de pesistas en la que se destaca su sobrina Beatriz Pir\u00f3n, ganadora de medalla de oro la semana pasada en los Juegos Panamericanos de Lima 2019, brind\u00f3 13 brillantes a\u00f1os de su juventud a representar con dignidad, orgullo y decoro a su pa\u00eds.<\/p>\n<p>Guillermina es una ganadora de medalla de bronce en los Juegos Panamericanos de Winnipeg, Canad\u00e1 en 1999, logr\u00f3 la presea de plata ante su p\u00fablico, en los Panamericanos celebrados en el pa\u00eds, en el a\u00f1o 2003 y agreg\u00f3 un metal de bronce en los de Rio de Janeiro, Brasil en 2007.<\/p>\n<p>Su palmar\u00e9s de preseas en la arena internacional lleva a las seis decenas, entre las que citan 23 de oro. Candelario gan\u00f3 medallas de oro y bronce en los Centroamericanos y del Caribe de 2002 celebrados en El Salvador, siendo la \u00fanica pesista en ba\u00f1arse en oro en este evento regional, lo que le vali\u00f3 ser elegida Atleta del A\u00f1o en esta disciplina.<\/p>\n<p>En los Centroamericanos celebrados en el 2006, en Cartagena de Indias, Colombia, gan\u00f3 una presea de bronce, resultado que superar\u00eda en Mayag\u00fcez, Puerto Rico en el a\u00f1o 2010, cuando se adue\u00f1\u00f3 de la medalla de plata.<\/p>\n<p>Guillermina, quien empez\u00f3 la pr\u00e1ctica de este deporte a los 14 a\u00f1os en su natal San Pedro de Macor\u00eds de manos de H\u00e9ctor Dom\u00ednguez, quien es entrenador de la selecci\u00f3n nacional.<\/p>\n","protected":false},"excerpt":{"rendered":"<p>Sal\u00f3n de la Fama la escoge como su primera elecci\u00f3n para el Ceremonial del domingo 5 de septiembre.<\/p>\n","protected":false},"author":16,"featured_media":59053,"comment_status":"closed","ping_status":"closed","sticky":false,"template":"","format":"standard","meta":[],"categories":[2,60],"tags":[],"acf":[],"_links":{"self":[{"href":"https:\/\/colimdo.org\/wp-api\/wp\/v2\/posts\/59050"}],"collection":[{"href":"https:\/\/colimdo.org\/wp-api\/wp\/v2\/posts"}],"about":[{"href":"https:\/\/colimdo.org\/wp-api\/wp\/v2\/types\/post"}],"author":[{"embeddable":true,"href":"https:\/\/colimdo.org\/wp-api\/wp\/v2\/users\/16"}],"replies":[{"embeddable":true,"href":"https:\/\/colimdo.org\/wp-api\/wp\/v2\/comments?post=59050"}],"version-history":[{"count":1,"href":"https:\/\/colimdo.org\/wp-api\/wp\/v2\/posts\/59050\/revisions"}],"predecessor-version":[{"id":59052,"href":"https:\/\/colimdo.org\/wp-api\/wp\/v2\/posts\/59050\/revisions\/59052"}],"wp:featuredmedia":[{"embeddable":true,"href":"https:\/\/colimdo.org\/wp-api\/wp\/v2\/media\/59053"}],"wp:attachment":[{"href":"https:\/\/colimdo.org\/wp-api\/wp\/v2\/media?parent=59050"}],"wp:term":[{"taxonomy":"category","embeddable":true,"href":"https:\/\/colimdo.org\/wp-api\/wp\/v2\/categories?post=59050"},{"taxonomy":"post_tag","embeddable":true,"href":"https:\/\/colimdo.org\/wp-api\/wp\/v2\/tags?post=59050"}],"curies":[{"name":"wp","href":"https:\/\/api.w.org\/{rel}","templated":true}]}}