{"id":59060,"date":"2019-08-06T04:35:03","date_gmt":"2019-08-06T04:35:03","guid":{"rendered":"https:\/\/colimdo.org\/?p=59060"},"modified":"2019-08-06T04:35:03","modified_gmt":"2019-08-06T04:35:03","slug":"luis-mejia-victor-estrella-todos-debemos-estar-orgulloso-carrera","status":"publish","type":"post","link":"https:\/\/colimdo.org\/noticias\/luis-mejia-victor-estrella-todos-debemos-estar-orgulloso-carrera\/","title":{"rendered":"Luis Mej\u00eda sobre V\u00edctor Estrella: &#8220;Todos debemos estar orgulloso de su carrera\u201d"},"content":{"rendered":"<p>LIMA, PERU.- El tenista dominicano V\u00edctor Estrella anunci\u00f3 este lunes que se retirar\u00e1 de las canchas el pr\u00f3ximo mes de octubre en el evento Santo Domingo Open.<\/p>\n<p>Varios dirigentes deportivos ponderaron las virtudes de ejemplo y gallard\u00eda que tuvo el nativo de Santiago en su carrera de 21 a\u00f1os.<\/p>\n<p>Estrella fue No.43 del ranking ATP, campe\u00f3n en tres ocasiones del ATP 250 de Quito, particip\u00f3 en los Juegos Ol\u00edmpicos de R\u00edo 2016 y llev\u00f3 a Rep\u00fablica Dominicana a jugar Playoff de Grupo Mundial contra Alemania en 2015. Tambi\u00e9n fue campe\u00f3n en varios ocasiones en Centroamericanos y del Caribe y medallista de bronce en los Panamericanos de Guadalajara 2011.<\/p>\n<p>El presidente de la Federaci\u00f3n Dominicana de Tenis, Persio Maldonado, manifest\u00f3 que el retiro de V\u00edctor deja una nostalgia, pero que comprende la decisi\u00f3n del tenista.<\/p>\n<p>\u201cEl retiro de un atleta como V\u00edctor Estrella siempre deja una nostalgia, pero tenemos que comprender su decisi\u00f3n. \u00c9l cierra un ciclo maravilloso y trascendente en el tenis para abrir otro que igual espero resulta muy \u00fatil. Su caso ha tenido repercusi\u00f3n mundial y por tanto su reconocimiento trasciende las fronteras nacionales\u201d, indic\u00f3 Maldonado.<\/p>\n<p>\u201cV\u00edctor es un atleta que goza de mucho aprecio dentro y fuera del pa\u00eds, por nivel de competitividad, sus resultados y su simpat\u00eda. Ha ejercido un liderazgo entusiasta y creo que eso lo mantendr\u00e1 vinculado al tenis ahora en otros \u00e1mbitos. Fedotenis le dar\u00e1 siempre su apoyo y aspira a que \u00e9l siga liderando la nueva generaci\u00f3n de tenistas\u201d, agreg\u00f3 Maldonado.<\/p>\n<p>Por su parte, el ministro de Deporte, Danilo D\u00edaz, agradeci\u00f3 a V\u00edctor por siempre poner el pa\u00eds en alto en los eventos dentro y fuera del pa\u00eds.<\/p>\n<p>\u201cLa patria est\u00e1 eternamente agradecida por haberla puesto en alto tantas veces en playas extranjeras\u201d, inform\u00f3 el ministro Danilo D\u00edaz desde Lima a El Nuevo Diario.<\/p>\n<p>Otro que tuvo palabras de elogio fue Dionisio Guzm\u00e1n, presidente del Pabell\u00f3n de la Fama del Deporte Dominicano.<\/p>\n<p>\u201cSin dudas que V\u00edctor Estrella es un candidato a ser inmortal del deporte dominicano, por sus m\u00e9ritos y conducta ejemplar que mantuvo en su carrera deportiva\u201d, dijo Guzm\u00e1n, desde Lima. \u201cA los 44 a\u00f1os V\u00edctor ser\u00e1 elegible, tiene 39 a\u00f1os en estos momentos\u201d, a\u00f1adi\u00f3.<\/p>\n<p>\u201cEs una l\u00e1stima que se vaya, pero es normal que los atletas se retiren\u201d, agreg\u00f3. \u201cDe V\u00edctor podemos decir que es un ejemplo de dedicaci\u00f3n y perseverancia y un gran dominicano que pudo poner la bandera en alto\u201d, indic\u00f3 Guzm\u00e1n.<\/p>\n<p>Por su parte, Luis\u00edn Mej\u00eda, presidente del Comit\u00e9 Ol\u00edmpico Dominicano, ponder\u00f3 la carrera ejemplar de V\u00edctor Estrella.<\/p>\n<p>\u201cEn octubre cerrar\u00e1 una vida ejemplar en el deporte. Ese d\u00eda estar\u00e9 con \u00e9l. V\u00edctor marc\u00f3 trascendencia en todos los \u00e1mbitos, por lo que todos los dominicanos debemos estar orgulloso de su carrera\u201d, extern\u00f3 Luis\u00edn, miembro del Comit\u00e9 Ol\u00edmpico Internacional.<\/p>\n<p>\u201cV\u00edctor siempre nos represent\u00f3 dignamente, con tanta pasi\u00f3n y orgullo. De \u00e9l podemos expresar agradecimiento por su carrera y un recuerdo eternamente a \u00e9l por los logros que nos dej\u00f3\u201d, agreg\u00f3 Luis\u00edn. \u201c\u00c9l es tan especial que hasta el presidente me dijo que recibi\u00f3 la noticia de su retiro\u201d, a\u00f1adi\u00f3<\/p>\n","protected":false},"excerpt":{"rendered":"<p>El tenista profesional anunci\u00f3 su retiro de la competici\u00f3n profesional para el pr\u00f3ximo octubre.<\/p>\n","protected":false},"author":16,"featured_media":59061,"comment_status":"closed","ping_status":"closed","sticky":false,"template":"","format":"standard","meta":[],"categories":[2,60],"tags":[],"acf":[],"_links":{"self":[{"href":"https:\/\/colimdo.org\/wp-api\/wp\/v2\/posts\/59060"}],"collection":[{"href":"https:\/\/colimdo.org\/wp-api\/wp\/v2\/posts"}],"about":[{"href":"https:\/\/colimdo.org\/wp-api\/wp\/v2\/types\/post"}],"author":[{"embeddable":true,"href":"https:\/\/colimdo.org\/wp-api\/wp\/v2\/users\/16"}],"replies":[{"embeddable":true,"href":"https:\/\/colimdo.org\/wp-api\/wp\/v2\/comments?post=59060"}],"version-history":[{"count":1,"href":"https:\/\/colimdo.org\/wp-api\/wp\/v2\/posts\/59060\/revisions"}],"predecessor-version":[{"id":59062,"href":"https:\/\/colimdo.org\/wp-api\/wp\/v2\/posts\/59060\/revisions\/59062"}],"wp:featuredmedia":[{"embeddable":true,"href":"https:\/\/colimdo.org\/wp-api\/wp\/v2\/media\/59061"}],"wp:attachment":[{"href":"https:\/\/colimdo.org\/wp-api\/wp\/v2\/media?parent=59060"}],"wp:term":[{"taxonomy":"category","embeddable":true,"href":"https:\/\/colimdo.org\/wp-api\/wp\/v2\/categories?post=59060"},{"taxonomy":"post_tag","embeddable":true,"href":"https:\/\/colimdo.org\/wp-api\/wp\/v2\/tags?post=59060"}],"curies":[{"name":"wp","href":"https:\/\/api.w.org\/{rel}","templated":true}]}}