{"id":59063,"date":"2019-08-06T05:02:20","date_gmt":"2019-08-06T05:02:20","guid":{"rendered":"https:\/\/colimdo.org\/?p=59063"},"modified":"2019-08-06T05:04:45","modified_gmt":"2019-08-06T05:04:45","slug":"atletismo-rd-debuta-este-martes-los-juegos-panamericanos","status":"publish","type":"post","link":"https:\/\/colimdo.org\/noticias\/atletismo-rd-debuta-este-martes-los-juegos-panamericanos\/","title":{"rendered":"Atletismo de RD debuta este martes en los Juegos Panamericanos Lima 2019"},"content":{"rendered":"<div>\n<p>El atletismo dominicano estar\u00e1 compitiendo desde este martes en las diferentes categor\u00edas de este deporte en los Juegos Panamericanos Lima 2019, donde tambi\u00e9n estar\u00e1n actuando atletas quisqueyanos en ecuestre, tenis de mesa, remo y vela.<\/p>\n<p class=\"x_ydp7c6f9510MsoNoSpacing\"><b><span lang=\"ES-DO\">ATLETISMO<\/span><\/b><\/p>\n<p class=\"x_ydp7c6f9510MsoNoSpacing\"><span lang=\"ES-DO\">Marileidy Paulino correr\u00e1 en la semifinal de los 100 metros lisos a las 3:00 de la tarde (4:00 pm hora dominicana).<\/span><\/p>\n<p class=\"x_ydp7c6f9510MsoNoSpacing\"><span lang=\"ES-DO\">Christopher Valdez estar\u00e1 en la semifinal de los 100 metros lisos a las 3:35 de la tarde (4:35 pm hora dominicana) al igual que Mayovanex de Oleo.<\/span><\/p>\n<p class=\"x_ydp7c6f9510MsoNoSpacing\"><span lang=\"ES-DO\">Juander Santos disputar\u00e1 la semifinal en los 400 metros vallas a las 4:40 de la tarde (5:40 pm hora dominicana) en el Estadio Atl\u00e9tico.<\/span><\/p>\n<p class=\"x_ydp7c6f9510MsoNoSpacing\"><b><span lang=\"ES-DO\">ECUESTRE<\/span><\/b><\/p>\n<p class=\"x_ydp7c6f9510MsoNoSpacing\"><span lang=\"ES-DO\">Desde las 11:00 de la ma\u00f1ana (12:00 meridiano hora dominicana) comenzar\u00e1n las competencias en Salto individual y por equipo primera ronda clasificatoria en la Escuela de Equitaci\u00f3n del Ej\u00e9rcito con la participaci\u00f3n de Mar\u00eda Gabriela Brugal, Mar\u00eda Jos\u00e9 de la Torre, H\u00e9ctor Florentino y Manuel Fern\u00e1ndez Hach\u00e9.<\/span><\/p>\n<p class=\"x_ydp7c6f9510MsoNoSpacing\"><b><span lang=\"ES-DO\">TENIS DE MESA<\/span><\/b><\/p>\n<p class=\"x_ydp7c6f9510MsoNoSpacing\"><span lang=\"ES-DO\">La jornada de este martes incluir\u00e1 los encuentros de octavos de final hasta cuartos de final en sencillos masculinos y femeninos, as\u00ed como las finales de dobles masculinos y femeninos desde las 7:00 de la noche (8:00 pm hora dominicana).<\/span><\/p>\n<p class=\"x_ydp7c6f9510MsoNoSpacing\"><b><span lang=\"ES-DO\">REMO<\/span><\/b><\/p>\n<p class=\"x_ydp7c6f9510MsoNoSpacing\"><span lang=\"ES-DO\">Ignacio V\u00e1squez Jorge tomar\u00e1 parte en la modalidad IXM a las 10:30 de la ma\u00f1ana (11:30 am hora dominicana) en Albufera Medio Mundo.<\/span><\/p>\n<p class=\"x_ydp7c6f9510MsoNoSpacing\"><b><span lang=\"ES-DO\">VELA<\/span><\/b><\/p>\n<p class=\"x_ydp7c6f9510MsoNoSpacing\"><span lang=\"ES-DO\">\u00c1lex Soto competir\u00e1 en la f\u00f3rmula kiteboarder abierto, desde las 12:00 del mediod\u00eda (1:00 pm hora dominicana), mientras que Esneiry P\u00e9rez estar\u00e1 en acci\u00f3n en la modalidad sunfish (bote abierto serie de apertura cuatro, a las 12:20 del mediod\u00eda (1:20 pm hora dominicana).<\/span><\/p>\n<\/div>\n","protected":false},"excerpt":{"rendered":"<p>El atletismo saldr\u00e1 al ruedo la tarde de este  martes en busca de avanzar en sus diferentes modalidadres<\/p>\n","protected":false},"author":16,"featured_media":59064,"comment_status":"closed","ping_status":"closed","sticky":false,"template":"","format":"standard","meta":[],"categories":[2,60],"tags":[],"acf":[],"_links":{"self":[{"href":"https:\/\/colimdo.org\/wp-api\/wp\/v2\/posts\/59063"}],"collection":[{"href":"https:\/\/colimdo.org\/wp-api\/wp\/v2\/posts"}],"about":[{"href":"https:\/\/colimdo.org\/wp-api\/wp\/v2\/types\/post"}],"author":[{"embeddable":true,"href":"https:\/\/colimdo.org\/wp-api\/wp\/v2\/users\/16"}],"replies":[{"embeddable":true,"href":"https:\/\/colimdo.org\/wp-api\/wp\/v2\/comments?post=59063"}],"version-history":[{"count":4,"href":"https:\/\/colimdo.org\/wp-api\/wp\/v2\/posts\/59063\/revisions"}],"predecessor-version":[{"id":59068,"href":"https:\/\/colimdo.org\/wp-api\/wp\/v2\/posts\/59063\/revisions\/59068"}],"wp:featuredmedia":[{"embeddable":true,"href":"https:\/\/colimdo.org\/wp-api\/wp\/v2\/media\/59064"}],"wp:attachment":[{"href":"https:\/\/colimdo.org\/wp-api\/wp\/v2\/media?parent=59063"}],"wp:term":[{"taxonomy":"category","embeddable":true,"href":"https:\/\/colimdo.org\/wp-api\/wp\/v2\/categories?post=59063"},{"taxonomy":"post_tag","embeddable":true,"href":"https:\/\/colimdo.org\/wp-api\/wp\/v2\/tags?post=59063"}],"curies":[{"name":"wp","href":"https:\/\/api.w.org\/{rel}","templated":true}]}}