{"id":59122,"date":"2019-08-08T18:43:57","date_gmt":"2019-08-08T18:43:57","guid":{"rendered":"https:\/\/colimdo.org\/?p=59122"},"modified":"2019-08-08T18:43:57","modified_gmt":"2019-08-08T18:43:57","slug":"angel-delgado-no-jugara-rd-mundial-china","status":"publish","type":"post","link":"https:\/\/colimdo.org\/noticias\/angel-delgado-no-jugara-rd-mundial-china\/","title":{"rendered":"\u00c1ngel Delgado no jugar\u00e1 con RD en el Mundial de China"},"content":{"rendered":"<p><strong>SANTO DOMINGO, JORGE LUIS TORRES.-<\/strong> El jugador dominicano \u00c1ngel Luis Delgado, confirm\u00f3 la no asistencia a la Copa Mundial de Baloncesto, con la selecci\u00f3n dominicana de baloncesto, que ser\u00e1 celebrada del 31 de julio hasta el 15 de agosto.<\/p>\n<p>El dominicano dio la informaci\u00f3n mediante una publicaci\u00f3n en su cuenta de Instagram.<\/p>\n<p>&#8220;Lamentablemente no podr\u00e9 estar en la selecci\u00f3n de mi pa\u00eds representando lo que m\u00e1s amo que es mi tierra. Hace unos meses tuve una lesi\u00f3n y tengo casi tres meses luchando para volver a estar bien y jugar de mi selecci\u00f3n pero las cosas no fueron como yo lo esperaba, tengo que esperar un poco m\u00e1s de tiempo para recuperarme y no quiero arriesgar mi futuro.&#8221;, adujo Delgado.<\/p>\n<p>El ganador del premio al novato del a\u00f1o de la G-League admite estar dolido por no poder representar la Bandera tricolor y pide comprensi\u00f3n por su decisi\u00f3n.<\/p>\n<p>&#8220;Espero que me entiendan, lo siento mucho por mi pa\u00eds. Yo los apoyar\u00e9 100% y les deseo lo mejor, los que me conocen bien saben lo mucho que me duele no jugar pero tengo que enfocarme en mi futuro para estar saludable. Muchas gracias por todo el apoyo y que Dios lo bendiga,. 100% dominicano, vamos que podemos&#8221;, termin\u00f3 escribiendo.<\/p>\n<p>Delgado acord\u00f3 con el equipo Beijing Royal Fighters, de la China Basketball Association, por US$4,3 millones por una temporada, seg\u00fan reportes de portal The Athletic.<\/p>\n<p>El nativo de Haina jug\u00f3 un a\u00f1o en G-League y luego fue deja en libertad por los Angeles Clippers.<\/p>\n<div class=\"banner-contenido\">\u00a0El equipo dominicano estar\u00e1 en las filas del complicado grupo G, que est\u00e1 integrado por Francia, Alemania y Jordania.<\/div>\n<p>&nbsp;<\/p>\n<p>&nbsp;<\/p>\n","protected":false},"excerpt":{"rendered":"<p>El jugador dominicano \u00c1ngel Luis Delgado, confirm\u00f3 la no asistencia a la Copa Mundial de Baloncesto con la selecci\u00f3n dominicana de baloncesto, que ser\u00e1 celebrada del 31 de julio hasta el 15 de agosto.\u00a0<\/p>\n","protected":false},"author":19,"featured_media":59123,"comment_status":"closed","ping_status":"closed","sticky":false,"template":"","format":"standard","meta":[],"categories":[2,60],"tags":[],"acf":[],"_links":{"self":[{"href":"https:\/\/colimdo.org\/wp-api\/wp\/v2\/posts\/59122"}],"collection":[{"href":"https:\/\/colimdo.org\/wp-api\/wp\/v2\/posts"}],"about":[{"href":"https:\/\/colimdo.org\/wp-api\/wp\/v2\/types\/post"}],"author":[{"embeddable":true,"href":"https:\/\/colimdo.org\/wp-api\/wp\/v2\/users\/19"}],"replies":[{"embeddable":true,"href":"https:\/\/colimdo.org\/wp-api\/wp\/v2\/comments?post=59122"}],"version-history":[{"count":1,"href":"https:\/\/colimdo.org\/wp-api\/wp\/v2\/posts\/59122\/revisions"}],"predecessor-version":[{"id":59124,"href":"https:\/\/colimdo.org\/wp-api\/wp\/v2\/posts\/59122\/revisions\/59124"}],"wp:featuredmedia":[{"embeddable":true,"href":"https:\/\/colimdo.org\/wp-api\/wp\/v2\/media\/59123"}],"wp:attachment":[{"href":"https:\/\/colimdo.org\/wp-api\/wp\/v2\/media?parent=59122"}],"wp:term":[{"taxonomy":"category","embeddable":true,"href":"https:\/\/colimdo.org\/wp-api\/wp\/v2\/categories?post=59122"},{"taxonomy":"post_tag","embeddable":true,"href":"https:\/\/colimdo.org\/wp-api\/wp\/v2\/tags?post=59122"}],"curies":[{"name":"wp","href":"https:\/\/api.w.org\/{rel}","templated":true}]}}