{"id":59129,"date":"2019-08-09T00:07:32","date_gmt":"2019-08-09T00:07:32","guid":{"rendered":"https:\/\/colimdo.org\/?p=59129"},"modified":"2019-08-09T00:07:42","modified_gmt":"2019-08-09T00:07:42","slug":"juander-sufre-caida-ultima-valla-luguelin-termina-septimo","status":"publish","type":"post","link":"https:\/\/colimdo.org\/noticias\/juander-sufre-caida-ultima-valla-luguelin-termina-septimo\/","title":{"rendered":"Juander sufre ca\u00edda en \u00faltima valla; Luguelin termina s\u00e9ptimo"},"content":{"rendered":"<p><strong>LIMA, Per\u00fa<\/strong>. <strong>Leonardo Reyes<\/strong>. Juander Santos, en la final de los 400 metros vallas, sufri\u00f3 una aparatosa ca\u00edda al rozar la \u00faltima valla y eso le impidi\u00f3 colocarse en el p\u00f3dium de la especialidad este jueves.<\/p>\n<p>Tras lo sucedido, Juander finaliz\u00f3 en el octavo y \u00faltimo lugar, con un tiempo de 2:09.37, luego de sufrir la aparatosa ca\u00edda en la \u00faltima valla.<\/p>\n<p>Juander iba delante en la carrera y perdi\u00f3 el control cuando se dispon\u00eda a saltar la \u00faltima valla, dio tres pasos y luego call\u00f3 aparatosamente al suelo.<\/p>\n<p>Al caer y ver esfumada sus esperanzas, Juander se fue en llanto, cubri\u00e9ndose el rostro con las manos en uno de los carriles de la pista.<\/p>\n<p>El velocista dominicano gan\u00f3 el martes f\u00e1cilmente el heat n\u00famero uno de los 400 metros con vallas con un crono de 49.44 segundos.<\/p>\n<p>Mientras, Luguelin Santos ocup\u00f3 el s\u00e9ptimo lugar en la final de los 400 metros lisos este jueves.<\/p>\n<p>Santos, medallista ol\u00edmpico en Londres 2012, recorri\u00f3 el \u00f3valo en un tiempo de 45.73 segundos.<\/p>\n<p>Hace cuatro a\u00f1os, en los Juegos Panamericanos celebrados en Toronto, Canad\u00e1, Luguelin gan\u00f3 la medalla de oro en los 400 metros lisos.<\/p>\n<p>Luguelin hab\u00eda entrado a la final por la cuarta mejor marca de la clasificaci\u00f3n con 45.88 el mi\u00e9rcoles.<\/p>\n","protected":false},"excerpt":{"rendered":"<p>Luguelin termin\u00f3 en s\u00e9ptimo lugar en los 400 metros lisos, mientras que Juander arrib\u00f3 octavo en la final de los 400 vallas tras una ca\u00edda.<\/p>\n","protected":false},"author":13,"featured_media":59130,"comment_status":"closed","ping_status":"closed","sticky":false,"template":"","format":"standard","meta":[],"categories":[2,60],"tags":[],"acf":[],"_links":{"self":[{"href":"https:\/\/colimdo.org\/wp-api\/wp\/v2\/posts\/59129"}],"collection":[{"href":"https:\/\/colimdo.org\/wp-api\/wp\/v2\/posts"}],"about":[{"href":"https:\/\/colimdo.org\/wp-api\/wp\/v2\/types\/post"}],"author":[{"embeddable":true,"href":"https:\/\/colimdo.org\/wp-api\/wp\/v2\/users\/13"}],"replies":[{"embeddable":true,"href":"https:\/\/colimdo.org\/wp-api\/wp\/v2\/comments?post=59129"}],"version-history":[{"count":1,"href":"https:\/\/colimdo.org\/wp-api\/wp\/v2\/posts\/59129\/revisions"}],"predecessor-version":[{"id":59131,"href":"https:\/\/colimdo.org\/wp-api\/wp\/v2\/posts\/59129\/revisions\/59131"}],"wp:featuredmedia":[{"embeddable":true,"href":"https:\/\/colimdo.org\/wp-api\/wp\/v2\/media\/59130"}],"wp:attachment":[{"href":"https:\/\/colimdo.org\/wp-api\/wp\/v2\/media?parent=59129"}],"wp:term":[{"taxonomy":"category","embeddable":true,"href":"https:\/\/colimdo.org\/wp-api\/wp\/v2\/categories?post=59129"},{"taxonomy":"post_tag","embeddable":true,"href":"https:\/\/colimdo.org\/wp-api\/wp\/v2\/tags?post=59129"}],"curies":[{"name":"wp","href":"https:\/\/api.w.org\/{rel}","templated":true}]}}