{"id":59158,"date":"2019-08-09T23:20:50","date_gmt":"2019-08-09T23:20:50","guid":{"rendered":"https:\/\/colimdo.org\/?p=59158"},"modified":"2019-08-09T23:20:56","modified_gmt":"2019-08-09T23:20:56","slug":"ana-rosa-logra-presea-plata-judo-los-panamericanos","status":"publish","type":"post","link":"https:\/\/colimdo.org\/noticias\/ana-rosa-logra-presea-plata-judo-los-panamericanos\/","title":{"rendered":"Ana Rosa logra presea de plata en judo de los Panamericanos"},"content":{"rendered":"<p><strong>LIMA, Per\u00fa<\/strong>. <strong>Leonardo Reyes<\/strong>. La dominicana Ana Rosa cay\u00f3 en la final de la categor\u00eda menos 57 kilos y se qued\u00f3 con la medalla de plata en el torneo de judo de los Juegos Panamericanos.\u00b4<\/p>\n<p>Rosa cay\u00f3 por ippon ante la brasile\u00f1a Rafaela Silva en la final de la prueba menos 57 kilos. La peleadora dominicana fue sorprendida en un movimiento, quedando trancada con el brazo derecho, lo que aprovech\u00f3 Silva para inmovilizarla.<\/p>\n<p>\u201cDeseaba el oro, trabaj\u00e9 mucho, muy fuerte, esta medalla de plata fue ganada con mucho coraz\u00f3n y esfuerzo\u201d, manifest\u00f3 la atleta luego del combate.<\/p>\n<p>En los cuartos de final, Rosa le gan\u00f3 por ippon a Kiara Arango, de Per\u00fa, y en la final dispuso de Miryan Roper, de Panam\u00e1, tambi\u00e9n por ippon.<\/p>\n<p>Con la medalla de Rosa, el judo dominicano tiene dos preseas de oro y una de plata.<\/p>\n","protected":false},"excerpt":{"rendered":"<p>La judoca perdi\u00f3 en la final de la categor\u00eda menos 57 kilos este viernes ante la brasile\u00f1a Rafaela Silva en el torneo de judo de los Panamericanos.<\/p>\n","protected":false},"author":13,"featured_media":59159,"comment_status":"closed","ping_status":"closed","sticky":false,"template":"","format":"standard","meta":[],"categories":[2,60],"tags":[],"acf":[],"_links":{"self":[{"href":"https:\/\/colimdo.org\/wp-api\/wp\/v2\/posts\/59158"}],"collection":[{"href":"https:\/\/colimdo.org\/wp-api\/wp\/v2\/posts"}],"about":[{"href":"https:\/\/colimdo.org\/wp-api\/wp\/v2\/types\/post"}],"author":[{"embeddable":true,"href":"https:\/\/colimdo.org\/wp-api\/wp\/v2\/users\/13"}],"replies":[{"embeddable":true,"href":"https:\/\/colimdo.org\/wp-api\/wp\/v2\/comments?post=59158"}],"version-history":[{"count":1,"href":"https:\/\/colimdo.org\/wp-api\/wp\/v2\/posts\/59158\/revisions"}],"predecessor-version":[{"id":59160,"href":"https:\/\/colimdo.org\/wp-api\/wp\/v2\/posts\/59158\/revisions\/59160"}],"wp:featuredmedia":[{"embeddable":true,"href":"https:\/\/colimdo.org\/wp-api\/wp\/v2\/media\/59159"}],"wp:attachment":[{"href":"https:\/\/colimdo.org\/wp-api\/wp\/v2\/media?parent=59158"}],"wp:term":[{"taxonomy":"category","embeddable":true,"href":"https:\/\/colimdo.org\/wp-api\/wp\/v2\/categories?post=59158"},{"taxonomy":"post_tag","embeddable":true,"href":"https:\/\/colimdo.org\/wp-api\/wp\/v2\/tags?post=59158"}],"curies":[{"name":"wp","href":"https:\/\/api.w.org\/{rel}","templated":true}]}}