{"id":59191,"date":"2019-08-10T19:16:20","date_gmt":"2019-08-10T19:16:20","guid":{"rendered":"https:\/\/colimdo.org\/?p=59191"},"modified":"2019-08-10T19:16:20","modified_gmt":"2019-08-10T19:16:20","slug":"fallece-inmortal-del-deporte-dominicano-chicho-sibilio","status":"publish","type":"post","link":"https:\/\/colimdo.org\/noticias\/fallece-inmortal-del-deporte-dominicano-chicho-sibilio\/","title":{"rendered":"Fallece el inmortal del deporte dominicano Chicho Sibilio"},"content":{"rendered":"<p>SANTO DOMINGO.- Falleci\u00f3 este s\u00e1bado el basquetbolista dominicano C\u00e1ndido Antonio Sibilio Hughes, mejor conocido como \u201cChicho Sibilio\u201d, quien logr\u00f3 importantes t\u00edtulos en sus m\u00e1s de dos d\u00e9cadas de trayectoria, especialmente en el FC Barcelona, donde dur\u00f3 13 a\u00f1os.<\/p>\n<p>Sibilio, exaltado al Pabell\u00f3n de la Fama del Deporte Dominicano en el 2003, impuls\u00f3 su carrera a mediados de los 70, destac\u00e1ndose entonces en el basquetbol del Distrito Nacional.<\/p>\n<p>Sibilio Hughes naci\u00f3 el 3 de octubre de 1958 en Haina, San Crist\u00f3bal. Con tan s\u00f3lo 17 a\u00f1os fue convocado por la selecci\u00f3n nacional del pa\u00eds, con la que disput\u00f3 el Centrobasket 1975, celebrado en Santo Domingo.\u200b Comparti\u00f3 selecci\u00f3n con otras leyendas del basket dominicano como Vinicio Mu\u00f1oz, Hugo Cabrera o Frank Prats. En aquella \u00e9poca Sibilio jugaba de p\u00edvot. Pese a ser los locales, los dominicanos s\u00f3lo pudieron alcanzar la cuarta plaza en un torneo que ganar\u00eda M\u00e9xico por delante de Puerto Rico y Cuba.<\/p>\n<p>Fue fichado por el FC Barcelona, que lo incorpor\u00f3, de entrada, a sus categor\u00edas inferiores. En el Colegio Alpe de Barcelona, filial del club azulgrana, se proclam\u00f3 Campe\u00f3n del Mundo Escolar.<\/p>\n","protected":false},"excerpt":{"rendered":"<p>Sibilio, exaltado al Pabell\u00f3n de la Fama del Deporte Dominicano en el 2003, impuls\u00f3 su carrera a mediados de los 70, destac\u00e1ndose entonces en el basquetbol del Distrito Nacional.<\/p>\n","protected":false},"author":16,"featured_media":59192,"comment_status":"closed","ping_status":"closed","sticky":false,"template":"","format":"standard","meta":[],"categories":[2,60],"tags":[],"acf":[],"_links":{"self":[{"href":"https:\/\/colimdo.org\/wp-api\/wp\/v2\/posts\/59191"}],"collection":[{"href":"https:\/\/colimdo.org\/wp-api\/wp\/v2\/posts"}],"about":[{"href":"https:\/\/colimdo.org\/wp-api\/wp\/v2\/types\/post"}],"author":[{"embeddable":true,"href":"https:\/\/colimdo.org\/wp-api\/wp\/v2\/users\/16"}],"replies":[{"embeddable":true,"href":"https:\/\/colimdo.org\/wp-api\/wp\/v2\/comments?post=59191"}],"version-history":[{"count":1,"href":"https:\/\/colimdo.org\/wp-api\/wp\/v2\/posts\/59191\/revisions"}],"predecessor-version":[{"id":59193,"href":"https:\/\/colimdo.org\/wp-api\/wp\/v2\/posts\/59191\/revisions\/59193"}],"wp:featuredmedia":[{"embeddable":true,"href":"https:\/\/colimdo.org\/wp-api\/wp\/v2\/media\/59192"}],"wp:attachment":[{"href":"https:\/\/colimdo.org\/wp-api\/wp\/v2\/media?parent=59191"}],"wp:term":[{"taxonomy":"category","embeddable":true,"href":"https:\/\/colimdo.org\/wp-api\/wp\/v2\/categories?post=59191"},{"taxonomy":"post_tag","embeddable":true,"href":"https:\/\/colimdo.org\/wp-api\/wp\/v2\/tags?post=59191"}],"curies":[{"name":"wp","href":"https:\/\/api.w.org\/{rel}","templated":true}]}}