{"id":59197,"date":"2019-08-10T23:56:41","date_gmt":"2019-08-10T23:56:41","guid":{"rendered":"https:\/\/colimdo.org\/?p=59197"},"modified":"2019-08-10T23:56:48","modified_gmt":"2019-08-10T23:56:48","slug":"karina-dias-obtiene-bronce-rd-karate-panam-2019","status":"publish","type":"post","link":"https:\/\/colimdo.org\/noticias\/karina-dias-obtiene-bronce-rd-karate-panam-2019\/","title":{"rendered":"Karina D\u00edas obtiene el bronce para RD en karate Panam 2019"},"content":{"rendered":"<p><strong>LIMA, Per\u00fa<\/strong>. Karina D\u00edaz continu\u00f3 sumando medallas en el segundo d\u00eda de competencias de karate en los Juegos Panamericanos Lima 2019, al conquistar la presea de bronce en 61 kilogramos de la modalidad kumite en el evento multideportivo que se celebra en esta ciudad.<\/p>\n<p>D\u00edaz, quien coloc\u00f3 el metal 32 de la Rep\u00fablica Dominicana en el conteo de medallas, avanz\u00f3 hasta la final al lograr dos victorias y un empate en la ronda claisficatoria, cayendo en la semifinal ante la venezolana Claudimar Garc\u00e9s por 5-0.<\/p>\n<p>En su primera pelea, empat\u00f3 sin puntos ante la canadiense Haya Jumaa y en su segundo venci\u00f3 1-0 a la estadounidense Ashley Hill, mismo resultado que mantuvo ante la mexicana Xhunashi Caballero.<\/p>\n<p>El bronce conquistado por D\u00edaz, es la tercera medalla que contabiliza karate, junto al oro por equipo de kata femenino y la plata de Mar\u00eda Dimitrova en kata individual femenina.<\/p>\n<p>\u201cEsta es mi tercera medalla en Juegos Panamericanos, estaba en b\u00fasqueda de mi medalla de oro, ya que vengo de ser\u00a0\u00a0medallista de plata en Guadalajara y en Toronto, pero me mantengo dentro del podio despu\u00e9s de tres ciclos ol\u00edmpicos.<\/p>\n<p>\u201cNo era el resultado que esperaba, me sent\u00eda preparada, mi competidora ten\u00eda la distancia como ventaja sobre m\u00ed. Yo ven\u00eda en busca del oro, pero no hay excusa, se trabaja para alcanzar lo m\u00e1ximo\u201d, dijo D\u00edaz, quien conquist\u00f3 su tercera medalla panamericana tras las platas logradas en las ediciones de Guadalajara 2011 y Toronto 2015.<\/p>\n<p><strong>Villanueva y Castillo quedan fuera del p\u00f3dium<\/strong><\/p>\n<p>En la jornada de karate de este s\u00e1bado tambi\u00e9n estuvieron participando Ana Villanueva y Anel Castillo, quienes no pudieron avanzar de la ronda clasificatoria, lo que evito que pudieran entrar en la disputa de medallas en el torneo que se desarrolla en el Polideportivo Villa El Salvador de esta ciudad.<\/p>\n<p>Villanueva, quien buscaba convertirse en el primer atleta dominicano en conquistar tres medallas de oro en Juegos Panamericanos, no pudo concretar su objetivo, ya que gano solo uno de las tres peleas que tuvo en esa primera fase.<\/p>\n<p>En su primer combate Villanueva finaliz\u00f3 empatada a dos con la mexicana por Alicia Hern\u00e1ndez, quien fue beneficiada con la victoria por los jueces al determinar que fue la primera en atacar. En su segunda pelea Cheili Gonz\u00e1lez la venci\u00f3 0-1 y obtuvo una victoria sobre\u00a0\u00a0la paraguaya Leyla Servin, a quien super\u00f3 por puntuaci\u00f3n 4-0.<\/p>\n<p>Castillo, quien compet\u00eda en la categor\u00eda de m\u00e1s 84 kilogramos, fue eliminado en la primera ronda al perder sus tres combates, el primero por 0-3 ante el canadiense Daniel Gaysinsky, en su segunda pelea perdi\u00f3 4-3 frente al argentino Agust\u00edn P\u00e9rez de Argentina y en su \u00faltima salida al tatami fue superado 1-0 por el estadounidense Brian Irr.<\/p>\n","protected":false},"excerpt":{"rendered":"<p>Ana Villanueva y Anel Castillo no pudieron avanzar de la ronda clasificatoria este s\u00e1bado, en la segunda jornada del karate.<\/p>\n","protected":false},"author":13,"featured_media":59198,"comment_status":"closed","ping_status":"closed","sticky":false,"template":"","format":"standard","meta":[],"categories":[2,60],"tags":[],"acf":[],"_links":{"self":[{"href":"https:\/\/colimdo.org\/wp-api\/wp\/v2\/posts\/59197"}],"collection":[{"href":"https:\/\/colimdo.org\/wp-api\/wp\/v2\/posts"}],"about":[{"href":"https:\/\/colimdo.org\/wp-api\/wp\/v2\/types\/post"}],"author":[{"embeddable":true,"href":"https:\/\/colimdo.org\/wp-api\/wp\/v2\/users\/13"}],"replies":[{"embeddable":true,"href":"https:\/\/colimdo.org\/wp-api\/wp\/v2\/comments?post=59197"}],"version-history":[{"count":1,"href":"https:\/\/colimdo.org\/wp-api\/wp\/v2\/posts\/59197\/revisions"}],"predecessor-version":[{"id":59199,"href":"https:\/\/colimdo.org\/wp-api\/wp\/v2\/posts\/59197\/revisions\/59199"}],"wp:featuredmedia":[{"embeddable":true,"href":"https:\/\/colimdo.org\/wp-api\/wp\/v2\/media\/59198"}],"wp:attachment":[{"href":"https:\/\/colimdo.org\/wp-api\/wp\/v2\/media?parent=59197"}],"wp:term":[{"taxonomy":"category","embeddable":true,"href":"https:\/\/colimdo.org\/wp-api\/wp\/v2\/categories?post=59197"},{"taxonomy":"post_tag","embeddable":true,"href":"https:\/\/colimdo.org\/wp-api\/wp\/v2\/tags?post=59197"}],"curies":[{"name":"wp","href":"https:\/\/api.w.org\/{rel}","templated":true}]}}