{"id":59213,"date":"2019-08-11T05:27:56","date_gmt":"2019-08-11T05:27:56","guid":{"rendered":"https:\/\/colimdo.org\/?p=59213"},"modified":"2019-08-11T05:36:41","modified_gmt":"2019-08-11T05:36:41","slug":"las-reinas-del-caribe-encabezan-rd-ultima-jornada-panam-lima-2019","status":"publish","type":"post","link":"https:\/\/colimdo.org\/noticias\/las-reinas-del-caribe-encabezan-rd-ultima-jornada-panam-lima-2019\/","title":{"rendered":"Reinas del Caribe van por la corona; judo, golf y karate salen en \u00faltima jornada Lima 2019"},"content":{"rendered":"<p>LIMA, PER\u00da.- La conquista de los Juegos Panamericanos de Lima 2019 contin\u00faa este domingo en la \u00faltima jornada del evento multideportivo m\u00e1s importante del continente para la Delegaci\u00f3n Dominicana que tendr\u00e1 a las Reinas del Caribe disputando la medalla de oro, as\u00ed como tambi\u00e9n a los atletas de judo, lucha y golf en busca de seguir cosechando \u00e9xitos para el pa\u00eds en suelo peruano.<\/p>\n<p>VOLEIBOL<\/p>\n<p>El equipo femenino, disputar\u00e1 la medalla de oro ante\u00a0 Colombia a las 11:00 de la ma\u00f1ana (12:00 del mediod\u00eda hora dominicana) en el Polideportivo Callao.<\/p>\n<p>JUDO<\/p>\n<p>Desde las 10:00 de la ma\u00f1ana (11:00 am hora dominicana), en el Polideportivo I competir\u00e1n:<\/p>\n<p>Lewis Medina, en la categor\u00eda menos 100 kilos.<\/p>\n<p>Jos\u00e9 Nova, en m\u00e1s de 100 kilos.<\/p>\n<p>KARATE<\/p>\n<p>Las competencias est\u00e1n pautadas para comenzar a las 9:00 de la ma\u00f1ana (10:00 am hora dominicana) en el Polideportivo Villa El Salvador, bajo el sistema Todos contra Todos.<\/p>\n<p>Tanya Rodr\u00edguez, en 68 kilos, enfrentar\u00e1 a Mar\u00eda Cuervo Baute, de Venezuela; luego va con Gabriela L\u00f3pez, de Per\u00fa, y despu\u00e9s con Susana Li, de Chile.<\/p>\n<p>Pamela Rodr\u00edguez, en m\u00e1s de 68 kilos, combatir\u00e1 con Valentina Castro, de Argentina, e Isabel Mallory Aco, de Per\u00fa.<\/p>\n<p>Anderson Soriano, en los 75 kilos, se medir\u00e1 a Hernani Verissimo, de Brasil; Allan Maldonado, de Guatemala, y Jos\u00e9 Valdivia, de Per\u00fa.<\/p>\n<p>Deivis Ferreras, en los 67 kilos, pelear\u00e1 con Jolano Lindelauf, de Aruba; Maikel Noriega, de Cuba, y Jes\u00fas Rodr\u00edguez, de M\u00e9xico.<\/p>\n<p>GOLF<\/p>\n<p>La cuarta y \u00faltima ronda del evento de golf se jugar\u00e1 este domingo, desde las 8 de la ma\u00f1ana, (9:00 hora dominicana) con Kuehn saliendo por el hoyo 1.<\/p>\n<p>Pumarol saldr\u00e1 por el hoyo 1, a las 10:06 de la ma\u00f1ana (hora dominicana), mientras que, a la misma hora, pero por el 10 saldr\u00e1 Guerra.<\/p>\n<p>&nbsp;<\/p>\n","protected":false},"excerpt":{"rendered":"<p>La Rep\u00fablica Dominicana busca terminar por todo lo alto su mejor participaci\u00f3n en unos Juegos Panamericanos en el extranjero, ya que la mejor hasta el momento contin\u00faa siendo la alcanzada en el 2003 cuando el pa\u00eds fue sede del certamen.<\/p>\n","protected":false},"author":16,"featured_media":59214,"comment_status":"closed","ping_status":"closed","sticky":false,"template":"","format":"standard","meta":[],"categories":[2,60],"tags":[],"acf":[],"_links":{"self":[{"href":"https:\/\/colimdo.org\/wp-api\/wp\/v2\/posts\/59213"}],"collection":[{"href":"https:\/\/colimdo.org\/wp-api\/wp\/v2\/posts"}],"about":[{"href":"https:\/\/colimdo.org\/wp-api\/wp\/v2\/types\/post"}],"author":[{"embeddable":true,"href":"https:\/\/colimdo.org\/wp-api\/wp\/v2\/users\/16"}],"replies":[{"embeddable":true,"href":"https:\/\/colimdo.org\/wp-api\/wp\/v2\/comments?post=59213"}],"version-history":[{"count":7,"href":"https:\/\/colimdo.org\/wp-api\/wp\/v2\/posts\/59213\/revisions"}],"predecessor-version":[{"id":59222,"href":"https:\/\/colimdo.org\/wp-api\/wp\/v2\/posts\/59213\/revisions\/59222"}],"wp:featuredmedia":[{"embeddable":true,"href":"https:\/\/colimdo.org\/wp-api\/wp\/v2\/media\/59214"}],"wp:attachment":[{"href":"https:\/\/colimdo.org\/wp-api\/wp\/v2\/media?parent=59213"}],"wp:term":[{"taxonomy":"category","embeddable":true,"href":"https:\/\/colimdo.org\/wp-api\/wp\/v2\/categories?post=59213"},{"taxonomy":"post_tag","embeddable":true,"href":"https:\/\/colimdo.org\/wp-api\/wp\/v2\/tags?post=59213"}],"curies":[{"name":"wp","href":"https:\/\/api.w.org\/{rel}","templated":true}]}}