{"id":59223,"date":"2019-08-11T17:46:46","date_gmt":"2019-08-11T17:46:46","guid":{"rendered":"https:\/\/colimdo.org\/?p=59223"},"modified":"2019-08-11T17:47:30","modified_gmt":"2019-08-11T17:47:30","slug":"judoca-lewis-medina-bronce-cierre-juegos-panamericanos","status":"publish","type":"post","link":"https:\/\/colimdo.org\/noticias\/judoca-lewis-medina-bronce-cierre-juegos-panamericanos\/","title":{"rendered":"Judoca Lewis Medina, bronce en cierre Juegos Panamericanos"},"content":{"rendered":"<p><strong>LIMA, Per\u00fa<\/strong>. <strong>Leonardo Reyes<\/strong>. Lewis Medina se hizo de la medalla de bronce de la categor\u00eda menos 100 kilos al derrotar al cubano Liester Cardona, en un disputado combate correspondiente a la jornada final del torneo de judo de los XVIII Juegos Panamericanos de esta ciudad.<\/p>\n<p>Con el bronce Medina, el judo dominicano termin\u00f3 con dos preseas doradas, dos de plata y una de bronce en los Juegos Panamericanos de Lima, Per\u00fa.<\/p>\n<p>De los ocho atletas de judo, cinco ganaron medallas en la cita multideportiva, que concluy\u00f3 este domingo.<\/p>\n<p>Para quedarse con el bronce, Medina tuvo que emplearse a fondo y librar una dura batalla ante el cubano Cardona. La disputa se defini\u00f3 en punto de oro y el dominicano fue favorecido por la tercera infracci\u00f3n al judoca Cubano, cuando ambos competidores ten\u00edan dos faltas cada uno.<\/p>\n<p>Medina pas\u00f3 directo al repechaje luego de haber sido sorprendido con un wazari por Junior Angulo, de Ecuador. En su segunda presentaci\u00f3n, el judoca dominicana derrot\u00f3 10-0 a Alexis Esquivel, de M\u00e9xico.<\/p>\n<p>En el cierre de la jornada, el tambi\u00e9n dominicano Jos\u00e9 Nova qued\u00f3 fuera del medallero. Tras ganar por ippon ante el canadiense Marc Deschenes, Nova perdi\u00f3 por ippon ante Andy Granda, de Cuba, y luego por wazari (1-0) ante Francisco Sol\u00eds, de Chile.<\/p>\n","protected":false},"excerpt":{"rendered":"<p>El dominicano se impuso en punto de oro ante el cubano Liester Cardona este domingo en la final del torneo de judo de los Panamericanos.<\/p>\n","protected":false},"author":13,"featured_media":59224,"comment_status":"closed","ping_status":"closed","sticky":false,"template":"","format":"standard","meta":[],"categories":[2,60],"tags":[],"acf":[],"_links":{"self":[{"href":"https:\/\/colimdo.org\/wp-api\/wp\/v2\/posts\/59223"}],"collection":[{"href":"https:\/\/colimdo.org\/wp-api\/wp\/v2\/posts"}],"about":[{"href":"https:\/\/colimdo.org\/wp-api\/wp\/v2\/types\/post"}],"author":[{"embeddable":true,"href":"https:\/\/colimdo.org\/wp-api\/wp\/v2\/users\/13"}],"replies":[{"embeddable":true,"href":"https:\/\/colimdo.org\/wp-api\/wp\/v2\/comments?post=59223"}],"version-history":[{"count":1,"href":"https:\/\/colimdo.org\/wp-api\/wp\/v2\/posts\/59223\/revisions"}],"predecessor-version":[{"id":59225,"href":"https:\/\/colimdo.org\/wp-api\/wp\/v2\/posts\/59223\/revisions\/59225"}],"wp:featuredmedia":[{"embeddable":true,"href":"https:\/\/colimdo.org\/wp-api\/wp\/v2\/media\/59224"}],"wp:attachment":[{"href":"https:\/\/colimdo.org\/wp-api\/wp\/v2\/media?parent=59223"}],"wp:term":[{"taxonomy":"category","embeddable":true,"href":"https:\/\/colimdo.org\/wp-api\/wp\/v2\/categories?post=59223"},{"taxonomy":"post_tag","embeddable":true,"href":"https:\/\/colimdo.org\/wp-api\/wp\/v2\/tags?post=59223"}],"curies":[{"name":"wp","href":"https:\/\/api.w.org\/{rel}","templated":true}]}}