{"id":59261,"date":"2019-08-13T20:42:15","date_gmt":"2019-08-13T20:42:15","guid":{"rendered":"https:\/\/colimdo.org\/?p=59261"},"modified":"2019-08-13T20:42:15","modified_gmt":"2019-08-13T20:42:15","slug":"salon-la-fama-la-romana-escoge-primeros-deportistas","status":"publish","type":"post","link":"https:\/\/colimdo.org\/noticias\/salon-la-fama-la-romana-escoge-primeros-deportistas\/","title":{"rendered":"Sal\u00f3n de la Fama de La Romana escoge a sus primeros deportistas"},"content":{"rendered":"<p>LA ROMANA. El Sal\u00f3n de la Fama de los Deportistas Romanenses anunci\u00f3 la elecci\u00f3n de los primeros deportistas a ser reconocidos con la inmortalidad, en su VII Ceremonial que tendr\u00e1 lugar el domingo 1 de septiembre, en el auditorio de la Alianza Juvenil de esta ciudad.<br \/>\nLa elecci\u00f3n de los deportistas al Sal\u00f3n de la Fama fue anunciada por su presidente, el doctor Jos\u00e9 Reyes, quien dijo que es la primera la avanzada de 12 personalidades destacadas en el \u00e1mbito hist\u00f3rico de las actividades deportivas de la provincia oriental y el pa\u00eds, que ser\u00e1n inducidos a la inmortalidad deportiva.<br \/>\n\u201cTenemos el honor de informarles que el ex jugador de b\u00e9isbol profesional Juli\u00e1n Yan encabeza nuestra primera escogencia, que completan Carlos Morales Troncoso (propulsor-fallecido), Dora Thomas (softbol) y Ricardo Torres (voleibol), como nuestros primeros elegidos para el Ceremonial 2019\u201d.<br \/>\nJuli\u00e1n Yan fue firmado para el profesionalismo por el fallecido escucha Epifanio Guerrero. Inici\u00f3 su carrera con los Caimanes del Sur y luego lleg\u00f3 a los Azucareros del Este, donde de inmediato se convirti\u00f3 en uno de sus mejores jugadores tanto a la ofensiva como en la defensa, gan\u00e1ndose el apodo de \u201cLa Escoba Humana\u201d.<br \/>\nYan fue escogido Jugador M\u00e1s Valioso en la serie final del primer campeonato que ganaron los Toros del Este en la temporada 1994-1995, y luego en la segunda corona obtenida por el colectivo romanense en la estaci\u00f3n 2010-2011, fungi\u00f3 como asistente del dirigente Dean Treanor.<br \/>\nHasta el momento es el l\u00edder en cuadrangulares de la franquicia taurina con 31 y ocupa el puesto n\u00famero 11 en el listado de todos los tiempos en la pelota local con 44 batazos de vuelta completa. Yan, aunque no pudo establecerse a nivel de grandes ligas, fue un azote en los circuitos minoritarios, en las ligas de M\u00e9xico, Korea, donde conjuntamente con la liga dominicana computa m\u00e1s de 400 jonrones, m\u00e1s de 1,300 carreras remolcadas, m\u00e1s de 1,000 anotadas y m\u00e1s de 2,000 hits.<br \/>\nCarlos Alfredo Miguel Morales Troncoso, ingeniero qu\u00edmico graduado en la Universidad Estatal de Luisiana en los Estados Unidos, fue un gran propulsor de los deportes, contribuyendo a su auge en la provincia de La Romana y el pa\u00eds, sobre todo al softbol, boxeo, golf y tenis de campo, a trav\u00e9s de sus funciones en la empresa Central Romana Corporaci\u00f3n, siendo adem\u00e1s parte importante en la obtenci\u00f3n de la franquicia de los Azucareros del Este.<br \/>\nOcupo diversas funciones privadas y p\u00fablicas, entre las que sobresalen su condici\u00f3n de Vicepresidente de la Rep\u00fablica. Fue presidente del Central Romana, director del Consejo Estatal del Az\u00facar (CEA), embajador ante los Estados Unidos, adem\u00e1s de Canciller de la Rep\u00fablica.<br \/>\nDora Thomas Santana procede de una familia de deportistas romanenses. Su padre Raymundo Thomas fue un gran jugador de b\u00e9isbol del equipo Papagayo y su hermano menor, Guillermo Thomas se destac\u00f3 en b\u00e9isbol y fue selecci\u00f3n nacional de softbol.<br \/>\nDora empez\u00f3 a practicar softbol a la edad de 15 a\u00f1os, mostrando de una vez habilidades en el manejo del bate, como cuarto en el orden de bateo y defendiendo la primera base. Fue la primera mujer y posiblemente la \u00fanica en sacar la pelota por el jard\u00edn central en el estadio Issa Zorob. Fue selecci\u00f3n de la Regi\u00f3n Este y la Selecci\u00f3n Nacional, representando al pa\u00eds en la d\u00e9cada de los a\u00f1os sesenta.<br \/>\nRicardo Alfredo Torres Encarnaci\u00f3n inicio su vida de atleta en el voleibol, destac\u00e1ndose en los eventos escolares en representaci\u00f3n del Colegio Santa Rosa De Lima.<\/p>\n<p>En torneos locales, provinciales y regionales ense\u00f1\u00f3 su condici\u00f3n de potente rematador, lo que le llev\u00f3 a jugar en los torneos del Distrito Nacional con el club Los Prados y en eventos interuniversitarios con la Universidad Pedro Henr\u00edquez Ure\u00f1a, donde se gradu\u00f3 de ingeniero en sistemas.<\/p>\n<p>Particip\u00f3 de manera destacada en la selecci\u00f3n de voleibol de la Regi\u00f3n Este, en los Juegos Deportivos Nacionales San Pedro 1983 y con la Selecci\u00f3n Nacional en el Torneo Norceca Juvenil 1984 celebrado en Nicaragua, como sexteto del equipo, obteniendo medalla de bronce. En el a\u00f1o 1986 de nuevo participa en un Torneo Norceca, esta vez en San Juan Puerto Rico, donde el pa\u00eds ocupo el cuarto lugar y Torres fue seleccionado en el equipo \u201cTodos Estrellas\u201d de la justa.<\/p>\n","protected":false},"excerpt":{"rendered":"<p>Juli\u00e1n Yan, Carlos Morales Troncoso, Dora Thomas y Ricardo Torres ser\u00e1n inmortalizados deportiva el 1ro de septiembre.<\/p>\n","protected":false},"author":16,"featured_media":59262,"comment_status":"closed","ping_status":"closed","sticky":false,"template":"","format":"standard","meta":[],"categories":[2,60],"tags":[],"acf":[],"_links":{"self":[{"href":"https:\/\/colimdo.org\/wp-api\/wp\/v2\/posts\/59261"}],"collection":[{"href":"https:\/\/colimdo.org\/wp-api\/wp\/v2\/posts"}],"about":[{"href":"https:\/\/colimdo.org\/wp-api\/wp\/v2\/types\/post"}],"author":[{"embeddable":true,"href":"https:\/\/colimdo.org\/wp-api\/wp\/v2\/users\/16"}],"replies":[{"embeddable":true,"href":"https:\/\/colimdo.org\/wp-api\/wp\/v2\/comments?post=59261"}],"version-history":[{"count":1,"href":"https:\/\/colimdo.org\/wp-api\/wp\/v2\/posts\/59261\/revisions"}],"predecessor-version":[{"id":59263,"href":"https:\/\/colimdo.org\/wp-api\/wp\/v2\/posts\/59261\/revisions\/59263"}],"wp:featuredmedia":[{"embeddable":true,"href":"https:\/\/colimdo.org\/wp-api\/wp\/v2\/media\/59262"}],"wp:attachment":[{"href":"https:\/\/colimdo.org\/wp-api\/wp\/v2\/media?parent=59261"}],"wp:term":[{"taxonomy":"category","embeddable":true,"href":"https:\/\/colimdo.org\/wp-api\/wp\/v2\/categories?post=59261"},{"taxonomy":"post_tag","embeddable":true,"href":"https:\/\/colimdo.org\/wp-api\/wp\/v2\/tags?post=59261"}],"curies":[{"name":"wp","href":"https:\/\/api.w.org\/{rel}","templated":true}]}}