{"id":59264,"date":"2019-08-13T20:48:50","date_gmt":"2019-08-13T20:48:50","guid":{"rendered":"https:\/\/colimdo.org\/?p=59264"},"modified":"2019-08-13T20:48:50","modified_gmt":"2019-08-13T20:48:50","slug":"rectora-uasd-felicita-delegacion-rd-desempeno-panam-2019","status":"publish","type":"post","link":"https:\/\/colimdo.org\/noticias\/rectora-uasd-felicita-delegacion-rd-desempeno-panam-2019\/","title":{"rendered":"Rectora UASD felicita Delegaci\u00f3n RD por su desempe\u00f1o en Panam 2019"},"content":{"rendered":"<p>SANTO DOMINGO.- La rectora de la Universidad Aut\u00f3noma de Santo Domingo (UASD), doctora Emma Polanco Melo felicit\u00f3 a la delegaci\u00f3n dominicana que particip\u00f3 en los Juegos Panamericanos 2019, celebrados en Lima, Per\u00fa, por su extraordinario desempe\u00f1o. Los atletas dominicanos se alzaron con 10 medallas de Oro, 12 de plata, y 19 de bronce, para un total de 40 preseas.<\/p>\n<p>A trav\u00e9s de una nota de prensa, la doctora Emma Polanco Melo destac\u00f3 la participaci\u00f3n de la delegaci\u00f3n criolla, que cont\u00f3 con el apoyo del Comit\u00e9 Ol\u00edmpico Dominicano y del Ministerio de Deportes, lo que hizo posible que superara la haza\u00f1a de la participaci\u00f3n dominicana en los Juegos Panamericanos celebrados en el pa\u00eds en el a\u00f1o 2003.<\/p>\n<p>La doctora Polanco Melo valor\u00f3 el buen desempe\u00f1o de los representantes de la Rep\u00fablica Dominicana, que termin\u00f3 con 40 preseas, logrando sobresalir de manera contundente en el importante certamen.<\/p>\n<p>Subray\u00f3 que tanto las selecciones de Voleibol, como los atletas de Karate, Judo, taekwondo, boxeo, gimnasia, atletismo y otras disciplinas, realzaron el orgullo criollo, por su participaci\u00f3n triunfante en la mencionada justa internacional.<\/p>\n<p>Polanco Melo reconoci\u00f3 el gran empe\u00f1o que puso cada miembro de la delegaci\u00f3n, agregando que muchos hicieron esfuerzos sobrenaturales para poder colocar el nombre del pa\u00eds en alto.<\/p>\n<p>La m\u00e1s alta autoridad de la Primada de Am\u00e9rica record\u00f3 el compromiso que tiene la academia con el deporte, e hizo hincapi\u00e9 en el acuerdo firmado recientemente con el Ministerio de Deportes, a trav\u00e9s del cual la universidad se comprometi\u00f3 a dise\u00f1ar programas de capacitaci\u00f3n en educaci\u00f3n superior para todos los atletas dominicanos.<\/p>\n<p>\u201cEl pa\u00eds cuenta con un amplio listado de j\u00f3venes atletas dedicados a poner el nombre de la naci\u00f3n el alto con su participaci\u00f3n en distintos cert\u00e1menes internacionales. Felicito la participaci\u00f3n de nuestras selecciones y la labor del Comit\u00e9 Ol\u00edmpico Dominicano junto al Ministerio de Deportes, quienes se ocuparon de preparar a los deportistas para que pudieran salir airosos en este importante encuentro internacional\u201d, concluy\u00f3.<\/p>\n","protected":false},"excerpt":{"rendered":"<p>La doctora Emma Polanco Melo destac\u00f3 la participaci\u00f3n de la delegaci\u00f3n criolla, que cont\u00f3 con el apoyo del Comit\u00e9 Ol\u00edmpico Dominicano y del Ministerio de Deportes, lo que hizo posible que superara la haza\u00f1a de la participaci\u00f3n dominicana en los Juegos Panamericanos celebrados en el pa\u00eds en el a\u00f1o 2003.<\/p>\n","protected":false},"author":16,"featured_media":59265,"comment_status":"closed","ping_status":"closed","sticky":false,"template":"","format":"standard","meta":[],"categories":[2,60],"tags":[],"acf":[],"_links":{"self":[{"href":"https:\/\/colimdo.org\/wp-api\/wp\/v2\/posts\/59264"}],"collection":[{"href":"https:\/\/colimdo.org\/wp-api\/wp\/v2\/posts"}],"about":[{"href":"https:\/\/colimdo.org\/wp-api\/wp\/v2\/types\/post"}],"author":[{"embeddable":true,"href":"https:\/\/colimdo.org\/wp-api\/wp\/v2\/users\/16"}],"replies":[{"embeddable":true,"href":"https:\/\/colimdo.org\/wp-api\/wp\/v2\/comments?post=59264"}],"version-history":[{"count":1,"href":"https:\/\/colimdo.org\/wp-api\/wp\/v2\/posts\/59264\/revisions"}],"predecessor-version":[{"id":59266,"href":"https:\/\/colimdo.org\/wp-api\/wp\/v2\/posts\/59264\/revisions\/59266"}],"wp:featuredmedia":[{"embeddable":true,"href":"https:\/\/colimdo.org\/wp-api\/wp\/v2\/media\/59265"}],"wp:attachment":[{"href":"https:\/\/colimdo.org\/wp-api\/wp\/v2\/media?parent=59264"}],"wp:term":[{"taxonomy":"category","embeddable":true,"href":"https:\/\/colimdo.org\/wp-api\/wp\/v2\/categories?post=59264"},{"taxonomy":"post_tag","embeddable":true,"href":"https:\/\/colimdo.org\/wp-api\/wp\/v2\/tags?post=59264"}],"curies":[{"name":"wp","href":"https:\/\/api.w.org\/{rel}","templated":true}]}}