{"id":59269,"date":"2019-08-13T22:23:17","date_gmt":"2019-08-13T22:23:17","guid":{"rendered":"https:\/\/colimdo.org\/?p=59269"},"modified":"2019-08-13T22:23:17","modified_gmt":"2019-08-13T22:23:17","slug":"la-disciplina-sera-clave-rd-mundial-baloncesto","status":"publish","type":"post","link":"https:\/\/colimdo.org\/noticias\/la-disciplina-sera-clave-rd-mundial-baloncesto\/","title":{"rendered":"La disciplina ser\u00e1 clave para RD en Mundial de Baloncesto"},"content":{"rendered":"<p>MADRID, Espa\u00f1a.-\u00a0V\u00edctor Liz es uno de cuatro jugadores dentro de la preselecci\u00f3n nacional de la Rep\u00fablica Dominicana con experiencia previa en un Mundial de Baloncesto FIBA.<\/p>\n<p>Su experiencia le indica que la clave para tener un buen desempe\u00f1o en la edici\u00f3n de este a\u00f1o es que haya una concentraci\u00f3n total dentro del conjunto y que todos los jugadores est\u00e9n en una misma p\u00e1gina.<\/p>\n<p>\u201cUn Mundial conlleva muchas cosas y por eso tenemos que ser muy disciplinados en esta parte, trabajar m\u00e1s duro y buscar lo mejor de cada uno de nosotros\u201d, dijo Liz este martes durante la primera pr\u00e1ctica del conjunto quisqueyano que se prepara para el Mundial de China 2019.<\/p>\n<p>El tirador representa junto a Eloy Vargas, Eulis B\u00e1ez, Edgar Sosa y Ronald Ram\u00f3n la cuarteta de jugadores de la preselecci\u00f3n nacional con participaci\u00f3n en la edici\u00f3n mundialista de 2014 celebrada en Espa\u00f1a.<\/p>\n<p>Explic\u00f3 tambi\u00e9n que el esfuerzo colectivo debe ser diferente y a\u00fan mayor al que se hizo para los reci\u00e9n concluidos Juegos Panamericanos y el proceso de preparaci\u00f3n en Santo Domingo.<\/p>\n<p>Adem\u00e1s de Vargas, B\u00e1ez y Sosa, estuvieron entrenando con Liz los bases Gelvis Solano, Edgar Sosa y Adris De Le\u00f3n, los tiradores Rigoberto Mendoza y Jean Montero, adem\u00e1s de los peque\u00f1os delanteros Juan Miguel Suero, Luis David Montero, Dagoberto Pe\u00f1a y Sadiel Rojas.<\/p>\n<p>Tambi\u00e9n el delantero de poder Ronald Roberts Jr. y los centros Eloy Vargas, Jhonatan Araujo y Luis Santos. Para este mi\u00e9rcoles, en el que se entrenar\u00e1 en dos tandas, se espera la integraci\u00f3n de Juan Jos\u00e9 Garc\u00eda.<\/p>\n<p>Durante su preparaci\u00f3n en Madrid, el combinado que dirige N\u00e9stor \u201cChe\u201d Garc\u00eda tendr\u00e1 dos partidos de preparaci\u00f3n, el primero a puertas cerradas este jueves 15 contra Louisiana State University a las 7:00 de la noche hora local (1:00 de la tarde en Santo Domingo), mientras que el segundo ser\u00e1 el jueves 22 a la misma hora contra Espa\u00f1a en el Wizink Center.<\/p>\n","protected":false},"excerpt":{"rendered":"<p>Rep\u00fablica Dominicana aterriz\u00f3 este martes en Espa\u00f1a, donde de inmediato activ\u00f3 su preparaci\u00f3n de cara a la Copa del Mundo de Baloncesto FIBA China 2019.<\/p>\n","protected":false},"author":16,"featured_media":59270,"comment_status":"closed","ping_status":"closed","sticky":false,"template":"","format":"standard","meta":[],"categories":[2,60],"tags":[],"acf":[],"_links":{"self":[{"href":"https:\/\/colimdo.org\/wp-api\/wp\/v2\/posts\/59269"}],"collection":[{"href":"https:\/\/colimdo.org\/wp-api\/wp\/v2\/posts"}],"about":[{"href":"https:\/\/colimdo.org\/wp-api\/wp\/v2\/types\/post"}],"author":[{"embeddable":true,"href":"https:\/\/colimdo.org\/wp-api\/wp\/v2\/users\/16"}],"replies":[{"embeddable":true,"href":"https:\/\/colimdo.org\/wp-api\/wp\/v2\/comments?post=59269"}],"version-history":[{"count":1,"href":"https:\/\/colimdo.org\/wp-api\/wp\/v2\/posts\/59269\/revisions"}],"predecessor-version":[{"id":59271,"href":"https:\/\/colimdo.org\/wp-api\/wp\/v2\/posts\/59269\/revisions\/59271"}],"wp:featuredmedia":[{"embeddable":true,"href":"https:\/\/colimdo.org\/wp-api\/wp\/v2\/media\/59270"}],"wp:attachment":[{"href":"https:\/\/colimdo.org\/wp-api\/wp\/v2\/media?parent=59269"}],"wp:term":[{"taxonomy":"category","embeddable":true,"href":"https:\/\/colimdo.org\/wp-api\/wp\/v2\/categories?post=59269"},{"taxonomy":"post_tag","embeddable":true,"href":"https:\/\/colimdo.org\/wp-api\/wp\/v2\/tags?post=59269"}],"curies":[{"name":"wp","href":"https:\/\/api.w.org\/{rel}","templated":true}]}}