{"id":59274,"date":"2019-08-14T00:22:36","date_gmt":"2019-08-14T00:22:36","guid":{"rendered":"https:\/\/colimdo.org\/?p=59274"},"modified":"2019-08-14T00:22:36","modified_gmt":"2019-08-14T00:22:36","slug":"seleccion-rd-continua-plan-camino-la-liga-naciones","status":"publish","type":"post","link":"https:\/\/colimdo.org\/noticias\/seleccion-rd-continua-plan-camino-la-liga-naciones\/","title":{"rendered":"Selecci\u00f3n de RD contin\u00faa su plan en camino a la Liga de Naciones"},"content":{"rendered":"<p>Santiago.- La preparaci\u00f3n de la Selecci\u00f3n Nacional de F\u00fatbol para la Liga de Naciones enfrenta su primera prueba el mi\u00e9rcoles en la noche con el partido amistoso ante Guatemala, a celebrarse en el estadio Cibao FC, a partir de las 7:00 de la noche.<br \/>\nEl director t\u00e9cnico del equipo dominicano David Gonz\u00e1lez dirigir\u00e1 la selecc\u00ed\u00f3n absoluta por primera vez, tras ganar sus cinco primeros partidos con el equipo Sub-23. Gonz\u00e1lez dijo que mantendr\u00e1 el plan trazado para esta preparaci\u00f3n que comenz\u00f3 con ciclos de entrenamientos y partidos de fogueos.<br \/>\n&#8220;Este juego es de orientaci\u00f3n y jugaremos nuestro sistema habitual, el que necesitamos trabajar para prepararnos. Hemos visto varios partidos de Guatemala y nos estamos preparando con ajustes en aspecto en los que creemos que ellos nos pueden hacer da\u00f1o&#8221;, explic\u00f3 Gonz\u00e1lez durante la conferencia de prensa previo al partido, celebrada este martes en un hotel de esta ciudad.<br \/>\nEl equipo dominicano se prepara para la Liga de Naciones de Concacaf, cuya ronda de grupo iniciar\u00e1 para el pa\u00eds el 7 de septiembre con un choque ante Monserrat como parte del Grupo 2, el cual ser\u00e1 completado por El Salvador y Santa Luc\u00eda.<br \/>\n&#8220;Contamos con gente muy joven, tratamos de tener tambien veteranos que nos aporten personalidad. Es un grupo sano, humilde, trabajado y estamos muy contento con el trabajo reponsalidad y compromiso de los jugadores&#8221;, agreg\u00f3 Gonz\u00e1lez, quien fue acompa\u00f1ado por el portero Miguel Lloyd y el mediocampista Rafael Flores.<br \/>\nPrevio a la Liga de Naciones, la selecci\u00f3n tendr\u00e1 otro amistoso en el cual visitar\u00e1 a los Emiratos \u00c1rabes Unidos para jugar el viernes 30 de agosto.<br \/>\nCon Gonz\u00e1lez en el banquillo, la selecci\u00f3n sub-23 venci\u00f3 a Cuba en dos partidos amistosos y barri\u00f3 el grupo D del torneo Preol\u00edmpico de Concacaf con triunfos ante Santa Luc\u00eda, Antigua y Barbuda y Puerto Rico.<br \/>\nGuatemala observa a RD<br \/>\nAunque se trate de partido amistosos, observar lo que est\u00e1 pasando en el pa\u00eds que se va a enfrentar es parte de la rutina y Amarini Villatoro, director t\u00e9cnico de la selecci\u00f3n de Guatemala es hombre de hacer la tarea.<br \/>\n&#8220;Hemos visto el crecimiento de Rep\u00fablica Dominicana con la transformaci\u00f3n de su liga profesional y sabemos que en los ultimos a\u00f1os han mejorado sus resultados deportivos. hemos observados sus \u00faltimos resultados y visto partidos para reconocer al rival&#8221;, expres\u00f3.<br \/>\nUna suspensi\u00f3n de FIFA provoca que Guatemala aparezca en el grupo 3 de la Liga de Naciones junto a Puerto Rico y Anguila. &#8220;Queremos ver algo del f\u00fatbol caribe\u00f1o y esta es una buena oportunidad&#8221;, concluy\u00f3 Villatoro, quien estuvo acompa\u00f1ado por los jugadores Rodrigo Saravia y Carlos Gallardo.<\/p>\n","protected":false},"excerpt":{"rendered":"<p>El director t\u00e9cnico del equipo dominicano David Gonz\u00e1lez dirigir\u00e1 la selecc\u00ed\u00f3n absoluta por primera vez, tras ganar sus cinco primeros partidos con el equipo Sub-23. Gonz\u00e1lez dijo que mantendr\u00e1 el plan trazado para esta preparaci\u00f3n que comenz\u00f3 con ciclos de entrenamientos y partidos de fogueos.<\/p>\n","protected":false},"author":16,"featured_media":59275,"comment_status":"closed","ping_status":"closed","sticky":false,"template":"","format":"standard","meta":[],"categories":[2,60],"tags":[],"acf":[],"_links":{"self":[{"href":"https:\/\/colimdo.org\/wp-api\/wp\/v2\/posts\/59274"}],"collection":[{"href":"https:\/\/colimdo.org\/wp-api\/wp\/v2\/posts"}],"about":[{"href":"https:\/\/colimdo.org\/wp-api\/wp\/v2\/types\/post"}],"author":[{"embeddable":true,"href":"https:\/\/colimdo.org\/wp-api\/wp\/v2\/users\/16"}],"replies":[{"embeddable":true,"href":"https:\/\/colimdo.org\/wp-api\/wp\/v2\/comments?post=59274"}],"version-history":[{"count":1,"href":"https:\/\/colimdo.org\/wp-api\/wp\/v2\/posts\/59274\/revisions"}],"predecessor-version":[{"id":59276,"href":"https:\/\/colimdo.org\/wp-api\/wp\/v2\/posts\/59274\/revisions\/59276"}],"wp:featuredmedia":[{"embeddable":true,"href":"https:\/\/colimdo.org\/wp-api\/wp\/v2\/media\/59275"}],"wp:attachment":[{"href":"https:\/\/colimdo.org\/wp-api\/wp\/v2\/media?parent=59274"}],"wp:term":[{"taxonomy":"category","embeddable":true,"href":"https:\/\/colimdo.org\/wp-api\/wp\/v2\/categories?post=59274"},{"taxonomy":"post_tag","embeddable":true,"href":"https:\/\/colimdo.org\/wp-api\/wp\/v2\/tags?post=59274"}],"curies":[{"name":"wp","href":"https:\/\/api.w.org\/{rel}","templated":true}]}}