{"id":59283,"date":"2019-08-14T15:30:30","date_gmt":"2019-08-14T15:30:30","guid":{"rendered":"https:\/\/colimdo.org\/?p=59283"},"modified":"2019-08-14T15:30:30","modified_gmt":"2019-08-14T15:30:30","slug":"sepultan-restos-chicho-sibilio-jardin-memorial","status":"publish","type":"post","link":"https:\/\/colimdo.org\/noticias\/sepultan-restos-chicho-sibilio-jardin-memorial\/","title":{"rendered":"Sepultan restos de Chicho Sibilio en el Jard\u00edn Memorial"},"content":{"rendered":"<p>SANTO DOMINGO.- Personalidades del mundo del deporte dominicano y de Espa\u00f1a, familiares y amigos dieron este martes el \u00faltimo adi\u00f3s al inmortal del Deporte dominicano, C\u00e1ndido Antonio Sibilio Hughes (Chicho) sepultado en la tarde en el cementerio Jard\u00edn Memorial.<\/p>\n<p>Los restos de Chicho fueron puestos en la ma\u00f1ana en el Palacio de los Deportes Profesor Virgilio Travieso Soto, y luego, al polideportivo de Haina.<\/p>\n<p>En el Virgilio travieso Soto, donde Chicho dej\u00f3 su impronta en el baloncesto dominicano, estuvieron entre ellos excompa\u00f1eros y rivales como Iv\u00e1n Mieses, Fernando Teruel, V\u00edctor Chac\u00f3n, Manolo Prince, Sergio Tavera. Otros como Soterio Ram\u00edrez, Gerardo Suero; adem\u00e1s del ministro de Deportes, Danilo D\u00edaz Vizca\u00edno, Andres Van Der Horst y Rolando Guante hicieron guardia de honor.<\/p>\n<p>Manolo flores, excompa\u00f1ero de Chicho en el FC Barcelona hizo an\u00e9cdotas sobre el hoy fallecido. Tambi\u00e9n Toti Mambru, presidente de la Federaci\u00f3n de Baloncesto de Catalu\u00f1a. Ambos hablaron maravillas de Chicho.<\/p>\n<p>En Haina, donde Chicho era oriundo le hicieron una misa de cuerpo presente.<\/p>\n<p>Cristian Sibilio, hijo de Chicho dio palabras de agradecimiento al pueblo dominicano y a las autoridades por estar en este momento tan dif\u00edcil en la familia de Sibilio Hughes.<\/p>\n<p>Un \u00eddolo no s\u00f3lo para la Rep\u00fablica Dominicana sino tambi\u00e9n para Espa\u00f1a y el resto del mundo. Sibilio tuvo la doble nacionalidad, la dominicana por nacimiento, y la espa\u00f1ola por adquisici\u00f3n, e integr\u00f3 indistintamente la selecci\u00f3n de cada uno de esas naciones.<\/p>\n<p>Sibilio muri\u00f3 a la edad de 60 a\u00f1os el pasado s\u00e1bado de un infarto en su casa, una finca en la comunidad de Nigua, en San Crist\u00f3bal, luego de sufrir quebrantos de salud relacionados a la diabetes y el colesterol.<\/p>\n","protected":false},"excerpt":{"rendered":"<p>Los restos de Chicho fueron puestos en la ma\u00f1ana en el Palacio de los Deportes Profesor Virgilio Travieso Soto, y luego, al polideportivo de Haina.<\/p>\n","protected":false},"author":19,"featured_media":59284,"comment_status":"closed","ping_status":"closed","sticky":false,"template":"","format":"standard","meta":[],"categories":[2,60],"tags":[],"acf":[],"_links":{"self":[{"href":"https:\/\/colimdo.org\/wp-api\/wp\/v2\/posts\/59283"}],"collection":[{"href":"https:\/\/colimdo.org\/wp-api\/wp\/v2\/posts"}],"about":[{"href":"https:\/\/colimdo.org\/wp-api\/wp\/v2\/types\/post"}],"author":[{"embeddable":true,"href":"https:\/\/colimdo.org\/wp-api\/wp\/v2\/users\/19"}],"replies":[{"embeddable":true,"href":"https:\/\/colimdo.org\/wp-api\/wp\/v2\/comments?post=59283"}],"version-history":[{"count":1,"href":"https:\/\/colimdo.org\/wp-api\/wp\/v2\/posts\/59283\/revisions"}],"predecessor-version":[{"id":59285,"href":"https:\/\/colimdo.org\/wp-api\/wp\/v2\/posts\/59283\/revisions\/59285"}],"wp:featuredmedia":[{"embeddable":true,"href":"https:\/\/colimdo.org\/wp-api\/wp\/v2\/media\/59284"}],"wp:attachment":[{"href":"https:\/\/colimdo.org\/wp-api\/wp\/v2\/media?parent=59283"}],"wp:term":[{"taxonomy":"category","embeddable":true,"href":"https:\/\/colimdo.org\/wp-api\/wp\/v2\/categories?post=59283"},{"taxonomy":"post_tag","embeddable":true,"href":"https:\/\/colimdo.org\/wp-api\/wp\/v2\/tags?post=59283"}],"curies":[{"name":"wp","href":"https:\/\/api.w.org\/{rel}","templated":true}]}}