{"id":59294,"date":"2019-08-14T16:55:41","date_gmt":"2019-08-14T16:55:41","guid":{"rendered":"https:\/\/colimdo.org\/?p=59294"},"modified":"2019-08-14T16:55:41","modified_gmt":"2019-08-14T16:55:41","slug":"maria-dimitrova-aun-no-se-me-descalificaron","status":"publish","type":"post","link":"https:\/\/colimdo.org\/noticias\/maria-dimitrova-aun-no-se-me-descalificaron\/","title":{"rendered":"Mar\u00eda Dimitrova: &#8220;A\u00fan no s\u00e9 por qu\u00e9 me descalificaron&#8221;"},"content":{"rendered":"<p><strong>SANTO DOMINGO, JORGE LUIS TORRES.-\u00a0<\/strong>La ganadora de la medalla de plata en la modalidad de kata individual en los Juegos Panamericanos de Lima 2019, Mar\u00eda Dimitrova, a\u00fan desconoce la raz\u00f3n por la cual fue descalificada\u00a0\u00a0previo a su presentaci\u00f3n frente a la estadounidense de origen japon\u00e9s Sakura Kokumai.<\/p>\n<p>&#8220;Yo solo entr\u00e9, ejecut\u00e9 mi kata,\u00a0 hice todo correcto, me dieron una puntuaci\u00f3n y cuando ya estaban saliendo uno de los \u00e1rbitros se reuni\u00f3 con el panel y me descalificaron, pero hasta el d\u00eda de hoy no sabemos por qu\u00e9 me descalificaron&#8221;, coment\u00f3 Dimitrova.<\/p>\n<p>Tanto los dirigentes deportivos de la Rep\u00fablica Dominicana como la misma peleadora mantienen la esperanza de que esa decisi\u00f3n pueda ser cambiada o le den una mejor explicaci\u00f3n\u00a0 de su determinaci\u00f3n.<\/p>\n<p>&#8220;El Comit\u00e9 Ol\u00edmpico Dominicano, la organizaci\u00f3n de Creando Sue\u00f1os Ol\u00edmpicos (Creso), y la Federaci\u00f3n Dominicana de Karate procedieron a poner la decisi\u00f3n en protesta y a\u00fan estamos esperando una respuesta. Todav\u00eda tengo la esperanza porque ellos no tuvieron una justificaci\u00f3n para descalificarme, ellos dijeron que pronunci\u00e9 el nombre del kata mal pero se demostr\u00f3 a trav\u00e9s de v\u00eddeos que no, luego anunciaron que hice un movimiento que no iba dentro de la disciplina\u00a0 y tambi\u00e9n se demostr\u00f3 que era incorrecto, o sea, ellos no tienen una justificaci\u00f3n v\u00e1lida&#8221;, a\u00f1adi\u00f3.<\/p>\n<p>Sin embargo, la decisi\u00f3n de los jueces no sac\u00f3 de concentraci\u00f3n a la dominicana ya que luego del conflicto la misma sostuvo\u00a0 un encuentro en grupo por la medalla de oro y salieron airosas del mismo.<\/p>\n<p>&#8220;Yo creo que esta medalla de oro es la m\u00e1s dif\u00edcil que he conseguido en mi vida, la verdad es que me cegu\u00e9 porque no entend\u00eda por qu\u00e9 hab\u00eda perdido y ten\u00eda solo cinco minutos para competir por la presea dorada. Fue muy inc\u00f3modo y m\u00e1s porque ten\u00eda el mismo panel de colegiados que me descalific\u00f3 en el kata individual, pero cuando nosotros los atletas vemos que podemos conseguir cualquier galard\u00f3n por el pa\u00eds lo dejamos todo por obtenerlo y escuchar nuestro himno nacional&#8221;, adujo.<\/p>\n<p>La delegaci\u00f3n dominicana de karate se consagr\u00f3 como la m\u00e1s sobresaliente con un total de siete medallas alzadas en estos Juegos Panamericanos de Lima 2019, tras conseguir tres preseas de oro, una de plata y tres de bronce.<\/p>\n","protected":false},"excerpt":{"rendered":"<p>Tanto los dirigentes deportivos de la Rep\u00fablica Dominicana como la misma peleadora mantienen la esperanza de que esa decisi\u00f3n pueda ser cambiada o le den una mejor explicaci\u00f3n\u00a0 de su determinaci\u00f3n.\u00a0<\/p>\n","protected":false},"author":19,"featured_media":59295,"comment_status":"closed","ping_status":"closed","sticky":false,"template":"","format":"standard","meta":[],"categories":[2,60],"tags":[],"acf":[],"_links":{"self":[{"href":"https:\/\/colimdo.org\/wp-api\/wp\/v2\/posts\/59294"}],"collection":[{"href":"https:\/\/colimdo.org\/wp-api\/wp\/v2\/posts"}],"about":[{"href":"https:\/\/colimdo.org\/wp-api\/wp\/v2\/types\/post"}],"author":[{"embeddable":true,"href":"https:\/\/colimdo.org\/wp-api\/wp\/v2\/users\/19"}],"replies":[{"embeddable":true,"href":"https:\/\/colimdo.org\/wp-api\/wp\/v2\/comments?post=59294"}],"version-history":[{"count":1,"href":"https:\/\/colimdo.org\/wp-api\/wp\/v2\/posts\/59294\/revisions"}],"predecessor-version":[{"id":59296,"href":"https:\/\/colimdo.org\/wp-api\/wp\/v2\/posts\/59294\/revisions\/59296"}],"wp:featuredmedia":[{"embeddable":true,"href":"https:\/\/colimdo.org\/wp-api\/wp\/v2\/media\/59295"}],"wp:attachment":[{"href":"https:\/\/colimdo.org\/wp-api\/wp\/v2\/media?parent=59294"}],"wp:term":[{"taxonomy":"category","embeddable":true,"href":"https:\/\/colimdo.org\/wp-api\/wp\/v2\/categories?post=59294"},{"taxonomy":"post_tag","embeddable":true,"href":"https:\/\/colimdo.org\/wp-api\/wp\/v2\/tags?post=59294"}],"curies":[{"name":"wp","href":"https:\/\/api.w.org\/{rel}","templated":true}]}}