{"id":59310,"date":"2019-08-14T22:39:16","date_gmt":"2019-08-14T22:39:16","guid":{"rendered":"https:\/\/colimdo.org\/?p=59310"},"modified":"2019-08-14T22:39:16","modified_gmt":"2019-08-14T22:39:16","slug":"faneyte-asume-gerencia-operaciones-leones-santo-domingo","status":"publish","type":"post","link":"https:\/\/colimdo.org\/noticias\/faneyte-asume-gerencia-operaciones-leones-santo-domingo\/","title":{"rendered":"Faneyte asume gerencia de Operaciones de Leones de Santo Domingo"},"content":{"rendered":"<p>SANTO DOMINGO.- Los Leones de Santo Domingo anunciaron este mi\u00e9rcoles que Rafael Faneyte es su nuevo gerente de Operaciones para la campa\u00f1a 2019 de la Liga Nacional de Baloncesto (LNB), que comenzar\u00e1 este cuatro de septiembre.<\/p>\n<p>El anuncio lo realiz\u00f3 el presidente del conjunto escarlata, Eduardo Najri, quien ponder\u00f3 las condiciones de Faneyte para mantener al club por el camino competitivo.<\/p>\n<p>\u201cAspiramos a que \u00e9l con su entusiasmo y preparaci\u00f3n coloque al equipo en la lucha por el t\u00edtulo, algo que hemos estado haciendo consistentemente desde nuestra segunda corona en 2016\u201d, indic\u00f3 Najri.<\/p>\n<p>Faneyte, de 42 a\u00f1os, posee experiencia de operaciones con el club Bameso que se coron\u00f3 campe\u00f3n en las temporadas 2011 y 2012 en el Baloncesto Superior del Distrito Nacional.<\/p>\n<p>En la LNB labor\u00f3 como asistente dentro del cuerpo t\u00e9cnico de los Titanes del Distrito Nacional en los torneos 2012 y 2014 y previamente con las Panteras del Distrito Nacional en 2007 y 2008, en la entonces LIDOBA.<\/p>\n<p>Desde el 2017 hasta la fecha, Faneyte es miembro de la Comisi\u00f3n Nacional de Baloncesto 3&#215;3 de la Federaci\u00f3n Dominicana de Baloncesto (FEDOMBAL). En los reci\u00e9n concluidos Juegos Panamericanos Lima 2019 dirigi\u00f3 a la selecci\u00f3n femenina de 3&#215;3 que conquist\u00f3 medalla de bronce.<\/p>\n<p>Como jugador, Faneyte integr\u00f3 la selecci\u00f3n del Distrito Nacional que logr\u00f3 plata en los Juegos Nacionales de Mao 1997. A nivel profesional, particip\u00f3 en la capital con Los Prados, del 1999 al 2011 y con Villa Francisca del 2002 al 2003.<\/p>\n<p>Los Leones arrancar\u00e1n la temporada el pr\u00f3ximo mi\u00e9rcoles cuatro de septiembre recibiendo a los Indios de San Francisco de Macor\u00eds.<\/p>\n","protected":false},"excerpt":{"rendered":"<p>El anuncio lo realiz\u00f3 el presidente del conjunto escarlata, Eduardo Najri, quien ponder\u00f3 las condiciones de Faneyte para mantener al club por el camino competitivo.<\/p>\n","protected":false},"author":16,"featured_media":59311,"comment_status":"closed","ping_status":"closed","sticky":false,"template":"","format":"standard","meta":[],"categories":[2,60],"tags":[],"acf":[],"_links":{"self":[{"href":"https:\/\/colimdo.org\/wp-api\/wp\/v2\/posts\/59310"}],"collection":[{"href":"https:\/\/colimdo.org\/wp-api\/wp\/v2\/posts"}],"about":[{"href":"https:\/\/colimdo.org\/wp-api\/wp\/v2\/types\/post"}],"author":[{"embeddable":true,"href":"https:\/\/colimdo.org\/wp-api\/wp\/v2\/users\/16"}],"replies":[{"embeddable":true,"href":"https:\/\/colimdo.org\/wp-api\/wp\/v2\/comments?post=59310"}],"version-history":[{"count":1,"href":"https:\/\/colimdo.org\/wp-api\/wp\/v2\/posts\/59310\/revisions"}],"predecessor-version":[{"id":59312,"href":"https:\/\/colimdo.org\/wp-api\/wp\/v2\/posts\/59310\/revisions\/59312"}],"wp:featuredmedia":[{"embeddable":true,"href":"https:\/\/colimdo.org\/wp-api\/wp\/v2\/media\/59311"}],"wp:attachment":[{"href":"https:\/\/colimdo.org\/wp-api\/wp\/v2\/media?parent=59310"}],"wp:term":[{"taxonomy":"category","embeddable":true,"href":"https:\/\/colimdo.org\/wp-api\/wp\/v2\/categories?post=59310"},{"taxonomy":"post_tag","embeddable":true,"href":"https:\/\/colimdo.org\/wp-api\/wp\/v2\/tags?post=59310"}],"curies":[{"name":"wp","href":"https:\/\/api.w.org\/{rel}","templated":true}]}}