{"id":59313,"date":"2019-08-14T22:46:41","date_gmt":"2019-08-14T22:46:41","guid":{"rendered":"https:\/\/colimdo.org\/?p=59313"},"modified":"2019-08-14T22:46:41","modified_gmt":"2019-08-14T22:46:41","slug":"inauguraran-este-viernes-basket-santo-domingo-oeste","status":"publish","type":"post","link":"https:\/\/colimdo.org\/noticias\/inauguraran-este-viernes-basket-santo-domingo-oeste\/","title":{"rendered":"Inaugurar\u00e1n este viernes basket Santo Domingo Oeste"},"content":{"rendered":"<p>SANTO DOMINGO OESTE.- El doctor Reynaldo Pared P\u00e9rez, presidente del Senado de la Rep\u00fablica, y el periodista y productor radial Julio Mart\u00ednez Pozo anunciaron su respaldo a la celebraci\u00f3n del III torneo de la Liga de Baloncesto de Santo Domingo Oeste (Libasado), previsto a inaugurarse este viernes a las 7:00 de la noche, en el polideportivo del sector Las Caobas.<\/p>\n<p>Pared P\u00e9rez y Mart\u00ednez Pozo confirmaron la decisi\u00f3n durante la Gala de Apertura celebrada el pasado viernes en el audit\u00f3rium del Pabell\u00f3n de la Fama del Deporte Dominicano, en el Centro Ol\u00edmpico Juan Pablo Duarte.<\/p>\n<p>Mart\u00ednez Pozo acept\u00f3 asumir como presidente del Comit\u00e9 Organizador de la justa superior con refuerzo por tercer a\u00f1o consecutivo.<\/p>\n<p>El anuncio fue hecho por Agust\u00edn Matos, presidente de Libasado, quien destac\u00f3 la participaci\u00f3n de cinco equipos que son Avanzada Juvenil de Las Caobas, Las Palmas de Herrera, Malanga de Manoguayabo, Buenos Aires y Olimpo.<\/p>\n<p>Matos y Mart\u00ednez Pozo valoraron de manera conjunta la dedicatoria del torneo 2019 que recay\u00f3 en el veterano artista Chech\u00e9 Abreu (El Querid\u00edsimo), un oriundo de Manoguayabo y connotado m\u00fasico del arte dominicano, int\u00e9rprete y compositor de la pieza musical \u201cLa Negra Pola\u201d.<\/p>\n<p>Adem\u00e1s de que se disputar\u00e1 la Copa BanReservas, por tercer a\u00f1o al hilo.<\/p>\n<p>Matos proclam\u00f3 que en Santo Domingo Oeste se organiza uno de los mejores torneos del pa\u00eds.<\/p>\n<p>Al acto asistieron adem\u00e1s de Pared P\u00e9rez, Mart\u00ednez Pozo y Matos, el viceministro de Deportes Soterio Ram\u00edrez; Valentina de la Cruz, vicealcaldesa de Santo Domingo Oeste; Rafael Candelario, de la Loter\u00eda Nacional; el coronel (PN) Jacobo Mateo Moquete; Jos\u00e9 Esteban Borrom\u00e9, Augusto Mart\u00ednez y el diputado Aquilino Serrata.<\/p>\n<p>En la gala de apertura en el audit\u00f3rium del Sal\u00f3n de la Fama hubo varios show a cargo de los grupos de bailes juveniles FDP Dancer y los Bokis Tokis.<\/p>\n<p>Dos partidos en d\u00eda inaugural<\/p>\n<p>Agust\u00edn Matos, presidente de Libasado, inform\u00f3 que en la jornada inaugural jugar\u00e1n a primera hora (7:00 pm) los clubes Avanzada Juvenil y Buenos Aires, luego la ceremonia oficial, y al final chocar\u00e1n Las Palmas vs Olimpo.<\/p>\n","protected":false},"excerpt":{"rendered":"<p>Ser\u00e1 desde las 7:00 p.m en el techado de Las Caobas; competir\u00e1n los equipos  Avanzada Juvenil, Las Palmas de Herrera, Malanga, Buenos Aires y Olimpo.<\/p>\n","protected":false},"author":16,"featured_media":59314,"comment_status":"closed","ping_status":"closed","sticky":false,"template":"","format":"standard","meta":[],"categories":[2,60],"tags":[],"acf":[],"_links":{"self":[{"href":"https:\/\/colimdo.org\/wp-api\/wp\/v2\/posts\/59313"}],"collection":[{"href":"https:\/\/colimdo.org\/wp-api\/wp\/v2\/posts"}],"about":[{"href":"https:\/\/colimdo.org\/wp-api\/wp\/v2\/types\/post"}],"author":[{"embeddable":true,"href":"https:\/\/colimdo.org\/wp-api\/wp\/v2\/users\/16"}],"replies":[{"embeddable":true,"href":"https:\/\/colimdo.org\/wp-api\/wp\/v2\/comments?post=59313"}],"version-history":[{"count":1,"href":"https:\/\/colimdo.org\/wp-api\/wp\/v2\/posts\/59313\/revisions"}],"predecessor-version":[{"id":59315,"href":"https:\/\/colimdo.org\/wp-api\/wp\/v2\/posts\/59313\/revisions\/59315"}],"wp:featuredmedia":[{"embeddable":true,"href":"https:\/\/colimdo.org\/wp-api\/wp\/v2\/media\/59314"}],"wp:attachment":[{"href":"https:\/\/colimdo.org\/wp-api\/wp\/v2\/media?parent=59313"}],"wp:term":[{"taxonomy":"category","embeddable":true,"href":"https:\/\/colimdo.org\/wp-api\/wp\/v2\/categories?post=59313"},{"taxonomy":"post_tag","embeddable":true,"href":"https:\/\/colimdo.org\/wp-api\/wp\/v2\/tags?post=59313"}],"curies":[{"name":"wp","href":"https:\/\/api.w.org\/{rel}","templated":true}]}}