{"id":59320,"date":"2019-08-14T23:31:35","date_gmt":"2019-08-14T23:31:35","guid":{"rendered":"https:\/\/colimdo.org\/?p=59320"},"modified":"2019-08-14T23:31:35","modified_gmt":"2019-08-14T23:31:35","slug":"ministro-danilo-diaz-pide-poblacion-celebrar-desfile-los-atletas","status":"publish","type":"post","link":"https:\/\/colimdo.org\/noticias\/ministro-danilo-diaz-pide-poblacion-celebrar-desfile-los-atletas\/","title":{"rendered":"Ministro Danilo D\u00edaz pide a poblaci\u00f3n celebrar desfile con los atletas"},"content":{"rendered":"<p>SANTO DOMINGO.- El ministro de Deportes y Recreaci\u00f3n, licenciado Danilo D\u00edaz, hizo un llamado a la poblaci\u00f3n en general para que compartan con los atletas el regocijo que vive el deporte nacional por la actuaci\u00f3n sin precedentes que desarrollaron en los XVIII Juegos Panamericanos del Lima, y se una al desfile que en su honor ser\u00e1 efectuado este este viernes 16 de agosto en horas de la tarde por diversas v\u00edas del Distrito Nacional.<\/p>\n<p>Inform\u00f3 que el Miderec, junto al Comit\u00e9 Ol\u00edmpico Dominicano y el programa del sector privado CRESO (Creando Sue\u00f1os Ol\u00edmpicos), realizar\u00e1n el desfile con los atletas a partir de las 2:00 de la tarde, para celebrar las 40 medallas, incluidas 10 de oro, conquistadas en la justa continental reci\u00e9n finalizada, algo nunca logrado por una delegaci\u00f3n en unos Panam en tierras for\u00e1neas.<\/p>\n<p>El recorrido partir\u00e1 desde el Centro Ol\u00edmpico Juan Pablo Duarte, tomar\u00e1 el malec\u00f3n y en el parque Eugenio Mar\u00eda de Hostos se amenizar\u00e1 una gran fiesta con la participaci\u00f3n de los atletas y ejecutivos del deporte y empresas que apoyan el deporte, por lo que el ejecutivo deportivo oficial llam\u00f3 a la poblaci\u00f3n a que haga suya esta gran fiesta haciendo acto de presencia.<\/p>\n<p>Inform\u00f3 que la poblaci\u00f3n del pa\u00eds entero podr\u00e1 ser part\u00edcipe de la misma, ya que el Canal 15 de Telemicro -que llev\u00f3 al pa\u00eds las incidencias de la gran gesta de nuestros atletas-, dar\u00e1 continuidad a esa gran labor y transmitir\u00e1 en vivo el desfile y la fiesta desde el malec\u00f3n con la participaci\u00f3n de los atletas medallistas en individual, en parejas o por equipos, como fueron las Reinas del Caribe en voleibol, ya que todos participar\u00e1n en la regia actividad.<\/p>\n","protected":false},"excerpt":{"rendered":"<p>Inform\u00f3 que el Miderec, junto al Comit\u00e9 Ol\u00edmpico Dominicano y el programa del sector privado CRESO (Creando Sue\u00f1os Ol\u00edmpicos), realizar\u00e1n el desfile con los atletas a partir de las 2:00 de la tarde, para celebrar las 40 medallas, incluidas 10 de oro, conquistadas en la justa continental reci\u00e9n finalizada, algo nunca logrado por una delegaci\u00f3n en unos Panam en tierras for\u00e1neas.<\/p>\n","protected":false},"author":16,"featured_media":59321,"comment_status":"closed","ping_status":"closed","sticky":false,"template":"","format":"standard","meta":[],"categories":[2,60],"tags":[],"acf":[],"_links":{"self":[{"href":"https:\/\/colimdo.org\/wp-api\/wp\/v2\/posts\/59320"}],"collection":[{"href":"https:\/\/colimdo.org\/wp-api\/wp\/v2\/posts"}],"about":[{"href":"https:\/\/colimdo.org\/wp-api\/wp\/v2\/types\/post"}],"author":[{"embeddable":true,"href":"https:\/\/colimdo.org\/wp-api\/wp\/v2\/users\/16"}],"replies":[{"embeddable":true,"href":"https:\/\/colimdo.org\/wp-api\/wp\/v2\/comments?post=59320"}],"version-history":[{"count":1,"href":"https:\/\/colimdo.org\/wp-api\/wp\/v2\/posts\/59320\/revisions"}],"predecessor-version":[{"id":59325,"href":"https:\/\/colimdo.org\/wp-api\/wp\/v2\/posts\/59320\/revisions\/59325"}],"wp:featuredmedia":[{"embeddable":true,"href":"https:\/\/colimdo.org\/wp-api\/wp\/v2\/media\/59321"}],"wp:attachment":[{"href":"https:\/\/colimdo.org\/wp-api\/wp\/v2\/media?parent=59320"}],"wp:term":[{"taxonomy":"category","embeddable":true,"href":"https:\/\/colimdo.org\/wp-api\/wp\/v2\/categories?post=59320"},{"taxonomy":"post_tag","embeddable":true,"href":"https:\/\/colimdo.org\/wp-api\/wp\/v2\/tags?post=59320"}],"curies":[{"name":"wp","href":"https:\/\/api.w.org\/{rel}","templated":true}]}}