{"id":59341,"date":"2019-08-15T02:57:28","date_gmt":"2019-08-15T02:57:28","guid":{"rendered":"https:\/\/colimdo.org\/?p=59341"},"modified":"2019-08-15T02:57:37","modified_gmt":"2019-08-15T02:57:37","slug":"selecciones-masculinas-voleibol-cuba-rd-tendran-serie-fogueo","status":"publish","type":"post","link":"https:\/\/colimdo.org\/noticias\/selecciones-masculinas-voleibol-cuba-rd-tendran-serie-fogueo\/","title":{"rendered":"Selecciones masculinas voleibol de Cuba y RD tendr\u00e1n serie fogueo"},"content":{"rendered":"<p><strong>SANTO DOMINGO<\/strong>. Las selecciones nacionales masculinas de Cuba y Rep\u00fablica Dominicana iniciar\u00e1n este jueves una serie de fogueo con miras a su participaci\u00f3n en el Torneo Clasificatorio Norceca de Voleibol, que tendr\u00e1 lugar del 22 al 24 en Colorado Springs.<\/p>\n<p>Alexis Garc\u00eda, presidente de la Federaci\u00f3n Dominicana de Voleibol, inform\u00f3 que el intercambio se escenificar\u00e1 en el Palacio del Voleibol Ricardo Gioriber Arias hasta el pr\u00f3ximo lunes. En cada fecha comenzar\u00e1n a las cuatro de la tarde.<\/p>\n<p>Garc\u00eda revel\u00f3 que el equipo ol\u00edmpico cubano, que acaba de obtener la medalla de plata en los Juegos Panamericanos de \u201cLima 2019\u201d, arribar\u00e1 al pa\u00eds el pr\u00f3ximo mi\u00e9rcoles a las 3.31 de la tarde<\/p>\n<p>\u201cSe trata del mismo conjunto que compiti\u00f3 en los Juegos Panamericanos. Cuba vendr\u00e1 con su plantel completo\u201d, resalt\u00f3 el titular de la Fedovoli.<\/p>\n<p>Manifest\u00f3 que para el colectivo dominicano, que dirige el venezolano Alexander Guti\u00e9rrez, ser\u00e1 de gran provecho foguearse con un representativo del nivel que tiene el de la Mayor de Las Antillas.<\/p>\n<p>Garc\u00eda extendi\u00f3 una invitaci\u00f3n a los amantes del voleibol para que acudan al Palacio del Voleibol a presenciar un espect\u00e1culo de primera calidad.<\/p>\n","protected":false},"excerpt":{"rendered":"<p>El intercambio amistoso se llevar\u00e1 a cabo desde este jueves, a las 4:00 de la tarde, en el Palacio del Voleibol Ricardo Gioriber Arias hasta el pr\u00f3ximo lunes. <\/p>\n","protected":false},"author":13,"featured_media":59342,"comment_status":"closed","ping_status":"closed","sticky":false,"template":"","format":"standard","meta":[],"categories":[2,60],"tags":[],"acf":[],"_links":{"self":[{"href":"https:\/\/colimdo.org\/wp-api\/wp\/v2\/posts\/59341"}],"collection":[{"href":"https:\/\/colimdo.org\/wp-api\/wp\/v2\/posts"}],"about":[{"href":"https:\/\/colimdo.org\/wp-api\/wp\/v2\/types\/post"}],"author":[{"embeddable":true,"href":"https:\/\/colimdo.org\/wp-api\/wp\/v2\/users\/13"}],"replies":[{"embeddable":true,"href":"https:\/\/colimdo.org\/wp-api\/wp\/v2\/comments?post=59341"}],"version-history":[{"count":1,"href":"https:\/\/colimdo.org\/wp-api\/wp\/v2\/posts\/59341\/revisions"}],"predecessor-version":[{"id":59343,"href":"https:\/\/colimdo.org\/wp-api\/wp\/v2\/posts\/59341\/revisions\/59343"}],"wp:featuredmedia":[{"embeddable":true,"href":"https:\/\/colimdo.org\/wp-api\/wp\/v2\/media\/59342"}],"wp:attachment":[{"href":"https:\/\/colimdo.org\/wp-api\/wp\/v2\/media?parent=59341"}],"wp:term":[{"taxonomy":"category","embeddable":true,"href":"https:\/\/colimdo.org\/wp-api\/wp\/v2\/categories?post=59341"},{"taxonomy":"post_tag","embeddable":true,"href":"https:\/\/colimdo.org\/wp-api\/wp\/v2\/tags?post=59341"}],"curies":[{"name":"wp","href":"https:\/\/api.w.org\/{rel}","templated":true}]}}