{"id":59372,"date":"2019-08-15T17:49:13","date_gmt":"2019-08-15T17:49:13","guid":{"rendered":"https:\/\/colimdo.org\/?p=59372"},"modified":"2019-08-15T17:49:13","modified_gmt":"2019-08-15T17:49:13","slug":"demarcus-cousins-sufre-desgarro-ligamento-cruzado","status":"publish","type":"post","link":"https:\/\/colimdo.org\/noticias\/demarcus-cousins-sufre-desgarro-ligamento-cruzado\/","title":{"rendered":"DeMarcus Cousins sufre un desgarro en el ligamento cruzado"},"content":{"rendered":"<p>NBA MANIACS.- El primer rev\u00e9s para los Lakers 2019\/20 ha llegado muy pronto. Seg\u00fan informaba Adrian Wojnarowski de ESPN, DeMarcus Cousins hab\u00eda sufrido una posible lesi\u00f3n de rodilla durante un entrenamiento, la cual le hab\u00eda obligado a ir a Los \u00c1ngeles para someterse a diversas pruebas. Pues bien, Shams Charania de The Athletic adelanta que el p\u00edvot de los de oro y p\u00farpura ha sufrido un desgarro en el ligamento cruzado anterior.<\/p>\n<p>A\u00fan es pronto que hablar del tiempo exacto que estar\u00e1 alejado de las canchas, pero lo que es seguro es que Cousins estar\u00e1 de baja durante muchos meses. Para entender exactamente lo que ha ocurrido, la forma m\u00e1s r\u00e1pida de explicarlo es recordar lo que le ocurri\u00f3 a Klay Thompson en las Finales, ya que sufri\u00f3 la misma dolencia. En el caso del escolta ya se dijo que la opci\u00f3n de que no jugase en toda la campa\u00f1a 2019-20 estaba en el aire. Cousins deber\u00eda tener un pron\u00f3stico parecido, solo que su percance ha ocurrido dos meses despu\u00e9s\u2026<\/p>\n<p>En cuanto al momento en el que se produjo la lesi\u00f3n, esta tuvo lugar mientras Cousins estaba entrenando el lunes en Las Vegas. Realizando un ejercicio se golpe\u00f3 la rodilla con otro jugador en lo que una fuente define como un choque. La decisi\u00f3n inmediata fue que abandonase la cancha.<\/p>\n<p>Este contratiempo supone la tercera lesi\u00f3n de gravedad en apenas dos cursos para el jugador de 29 a\u00f1os. Durante la temporada 2017-18 sufri\u00f3 la rotura del tend\u00f3n de Aquiles mientras formaba parte de New Orleans Pelicans. En la pasada, ya como miembro de Golden State Warriors, hubo de hacer frente a una lesi\u00f3n en el cu\u00e1driceps.<\/p>\n<p>Aunque se entiende que son LeBron James y Anthony Davis quienes deben llevar el peso de los de oro y p\u00farpura, la contrataci\u00f3n de Cousins hab\u00eda tomado el cariz de ser una oportunidad de mercado que pod\u00eda salir realmente bien. Los Lakers firmaron por un a\u00f1o y 3,5 millones de d\u00f3lares a un jugador que en su carrera ha promediado 21,2 puntos y 10,8 rebotes.<\/p>\n","protected":false},"excerpt":{"rendered":"<p>A\u00fan es pronto que hablar del tiempo exacto que estar\u00e1 alejado de las canchas, pero lo que es seguro es que Cousins estar\u00e1 de baja durante muchos meses.<\/p>\n","protected":false},"author":19,"featured_media":59373,"comment_status":"closed","ping_status":"closed","sticky":false,"template":"","format":"standard","meta":[],"categories":[2,60],"tags":[],"acf":[],"_links":{"self":[{"href":"https:\/\/colimdo.org\/wp-api\/wp\/v2\/posts\/59372"}],"collection":[{"href":"https:\/\/colimdo.org\/wp-api\/wp\/v2\/posts"}],"about":[{"href":"https:\/\/colimdo.org\/wp-api\/wp\/v2\/types\/post"}],"author":[{"embeddable":true,"href":"https:\/\/colimdo.org\/wp-api\/wp\/v2\/users\/19"}],"replies":[{"embeddable":true,"href":"https:\/\/colimdo.org\/wp-api\/wp\/v2\/comments?post=59372"}],"version-history":[{"count":1,"href":"https:\/\/colimdo.org\/wp-api\/wp\/v2\/posts\/59372\/revisions"}],"predecessor-version":[{"id":59374,"href":"https:\/\/colimdo.org\/wp-api\/wp\/v2\/posts\/59372\/revisions\/59374"}],"wp:featuredmedia":[{"embeddable":true,"href":"https:\/\/colimdo.org\/wp-api\/wp\/v2\/media\/59373"}],"wp:attachment":[{"href":"https:\/\/colimdo.org\/wp-api\/wp\/v2\/media?parent=59372"}],"wp:term":[{"taxonomy":"category","embeddable":true,"href":"https:\/\/colimdo.org\/wp-api\/wp\/v2\/categories?post=59372"},{"taxonomy":"post_tag","embeddable":true,"href":"https:\/\/colimdo.org\/wp-api\/wp\/v2\/tags?post=59372"}],"curies":[{"name":"wp","href":"https:\/\/api.w.org\/{rel}","templated":true}]}}